{"id":173,"count":3,"description":"Mi contacto con el arte comenz\u00f3 a trav\u00e9s de la danza, empec\u00e9 bailando.\r\nEl MOVIMIENTO y el CUERPO me permitieron expresar y vincular mi mundo interno con el exterior. Despu\u00e9s de una lesi\u00f3n en mi pierna izquierda tuve que dejarlo. Me enfad\u00e9 con el mundo y al cabo del tiempo volv\u00ed al arte de nuevo a trav\u00e9s del COLOR.","link":"https:\/\/www.red03.com\/2016\/category\/artistas\/nuria-duran-bio\/","name":"N\u00faria Duran","slug":"nuria-duran-bio","taxonomy":"category","parent":79,"meta":[],"_links":{"self":[{"href":"https:\/\/www.red03.com\/2016\/wp-json\/wp\/v2\/categories\/173"}],"collection":[{"href":"https:\/\/www.red03.com\/2016\/wp-json\/wp\/v2\/categories"}],"about":[{"href":"https:\/\/www.red03.com\/2016\/wp-json\/wp\/v2\/taxonomies\/category"}],"up":[{"embeddable":true,"href":"https:\/\/www.red03.com\/2016\/wp-json\/wp\/v2\/categories\/79"}],"wp:post_type":[{"href":"https:\/\/www.red03.com\/2016\/wp-json\/wp\/v2\/posts?categories=173"}],"curies":[{"name":"wp","href":"https:\/\/api.w.org\/{rel}","templated":true}]}}