{"id":1072,"date":"2019-06-09T12:53:42","date_gmt":"2019-06-09T12:53:42","guid":{"rendered":"https:\/\/www.red03.com\/2016\/?p=1072"},"modified":"2020-07-14T19:48:06","modified_gmt":"2020-07-14T19:48:06","slug":"joan-parramon","status":"publish","type":"post","link":"https:\/\/www.red03.com\/2016\/joan-parramon\/","title":{"rendered":"Joan Parramon Bio"},"content":{"rendered":"<p><b>Joan Parram\u00f3n Fornos<\/b><\/p>\n<p>Joan Parram\u00f3n Fornos\u00a0(Barcelona,\u00a01951) es un\u00a0pintor\u00a0abstracto\u00a0barcelon\u00e9s con ascendencia de\u00a0Mequinenza\u00a0(Zaragoza). Actualmente tiene su taller art\u00edstico en el espacio Nauart de\u00a0Barcelona\u00a0y ha realizado numerosas exposiciones tanto a nivel local y nacional como internacional.<\/p>\n<p>Formaci\u00f3n<\/p>\n<p>Su educaci\u00f3n art\u00edstica desde\u00a01980\u00a0a\u00a01984\u00a0fue en el taller-escuela de Gonzalo Beltr\u00e1n, artista sevillano afincado en\u00a0Barcelona\u00a0que poco despu\u00e9s se convertir\u00eda en catedr\u00e1tico de dibujo en la\u00a0Escuela de la Lonja. Durante esta etapa Parram\u00f3n trabaja intesamente el dibujo del natural y la pintura al \u00f3leo.<\/p>\n<p>Trayectoria<\/p>\n<p>Poco despu\u00e9s empieza a realizar exposiciones individuales y colectivas en diferentes centros c\u00edvicos, librer\u00edas y espacios culturales que le conducen a sus primeras exposiciones importantes. En diciembre de 2009 inaugura su muestra \u00abFluir como el agua\u00bb en la red03 Art Gallery de Barcelona a la que le acompa\u00f1aran otras exposiciones colectivas en la Galeria PASPARTU o la Sala Llotja de\u00a0Reus\u00a0(Tarragona).1\u200b<\/p>\n<p>En 2012, sus obras viajan a\u00a0Nueva York\u00a0con la muestra conjunta \u00abFrom Barcelona to New York\u00bb comisariada por la Montserrat Gallery. En los a\u00f1os siguientes, Parram\u00f3n desarrolla diversos talleres abiertos en el barrio de\u00a0Gr\u00e0cia\u00a0de\u00a0Barcelona\u00a0con la Galer\u00eda Untitled y sus obras viajan a nivel internacional, desde la Feria Internacional de Arte Kolner Liste de\u00a0Colonia\u00a0(Alemania) a la Galer\u00eda Elzevir de\u00a0Par\u00eds\u00a0(Francia) pasando tambi\u00e9n por la exposici\u00f3n individual \u00abDi\u00e1logo de part\u00edculas\u00bb en el Auditori Barradas de\u00a0l&#8217;Hospitalet de Llobregat. Durante los a\u00f1os 2012, 2014 y 2015 participa en el proyecto neoyorkino \u00abAnnual Postacards from the Edge\u00bb. A partir de este momento instala su taller en Nauart Espacio de Creaci\u00f3n y participa en diversas exposiciones como \u00abBarcelona Abstracci\u00f3\u00bb o una muestra de sus abstracciones en el\u00a0Gran Hotel Par\u00eds\u00a0de\u00a0Figueres\u00a0(Girona).2\u200b<\/p>\n<p>A partir de\u00a02016, Parram\u00f3n se centra en sus exposiciones temporales como \u00abBuscando la forma del universo\u00bb que puede verse en Relacionarte Galer\u00eda de Arte y\u00a0Convent de Sant Salvador\u00a0de\u00a0Horta de Sant Joan\u00a0(Tarragona) y participa en proyectos colectivos como \u00abMelodies de Barcelona\u00bb de la Blue Project Foundation. Organiza y participa en octubre de 2016 en \u00abMigracions\u00bb del Centre Civic Barceloneta as\u00ed como en la BCN INT&#8217;L ART FAIR en el\u00a0Museo Mar\u00edtimo de Barcelona. 2017 se convierte en un a\u00f1o prol\u00edfico para Param\u00f3n con la creaci\u00f3n de obras de gran formato para Fabricarte 4 &#8211; Festival de M\u00fasica de Barcelona, la participaci\u00f3n en la V Biennal de Arte de\u00a0Corbera d&#8217;Ebre\u00a0dedicada a los Derechos Humanos, la participaci\u00f3n en la Berlin Kunst 2017 junto a Fatamorgana Gallery o la exposici\u00f3n individual \u00abEs por el paradigma que estoy aqu\u00ed\u00bb que puede verse en la\u00a0Casa del Libro de Barcelona. Fruto de esta exposici\u00f3n, Parram\u00f3n presenta en 2018 el libro ilustrado por el mismo que llevar\u00e1 el mismo t\u00edtulo que la exposici\u00f3n, \u00abEs por el paradigma que estoy aqu\u00ed\u00bb.<\/p>\n<p>En 2018, sus exposiciones contin\u00faan en la Biblioteca Merc\u00e8 Rodoreda, dentro del 9\u00ba Festival Cinespa\u00f1ol de\u00a0P\u00e9rigueux\u00a0en\u00a0Francia\u00a0con una recopilaci\u00f3n de sus obras esenciales, y en Mas Pi Art de\u00a0Verges\u00a0(Girona) con una nueva exposici\u00f3n \u00abMacrocosmos&amp;Microcosmos\u00bb.3\u200b4\u200b Durante este mismo a\u00f1o tambi\u00e9n expone en diferentes exposiciones colectivas bajo el amparo de la Fundaci\u00f3n Matilde Tamayo que llevan sus obras a viajar por el Museo de Arte Contempor\u00e1neo de\u00a0Sasam\u00f3n\u00a0en\u00a0Burgos\u00a0o el Atelier Pilar G\u00fcell de\u00a0Barcelona. En 2019, seleccionado para el Premio Pop Stram de la Fundaci\u00f3n Mailde Tamayo y realiza su primera exposici\u00f3n individual en el Atelier Pilar G\u00fcell de Barcelona bajo el t\u00edtulo \u00abMacrocosmos&amp;Microcosmos\u00bb.5\u200b En octubre del mismo a\u00f1o, viaja a\u00a0Mequinenza\u00a0(Zaragoza) donde le \u00fanen v\u00ednculos familiares y recuerdos de juventud para exponer nuevamente \u00abMacrocosmos&amp;Microcosmos\u00bb y realizar diferentes talleres e intervenciones art\u00edsticas en los\u00a0Museos de Mequinenza.6\u200b7\u200b El mismo a\u00f1o es seleccionado en el Premio AGBAR \u00abCiudad de Barcelona\u00bb organizado por el\u00a0Real C\u00edrculo Art\u00edstico de Barcelona.<\/p>\n<p>Su obra es propiedad de diversos coleccionistas de arte particulares en Espa\u00f1a, Alemania, Francia, Colombia, Corea del Sur, Holanda, Italia, China, Suiza, Estados Unidos o Brasil.<\/p>\n<p>&nbsp;<\/p>\n<hr \/>\n<p>&nbsp;<\/p>\n<script>(function() {\n\twindow.mc4wp = window.mc4wp || {\n\t\tlisteners: [],\n\t\tforms: {\n\t\t\ton: function(evt, cb) {\n\t\t\t\twindow.mc4wp.listeners.push(\n\t\t\t\t\t{\n\t\t\t\t\t\tevent   : evt,\n\t\t\t\t\t\tcallback: cb\n\t\t\t\t\t}\n\t\t\t\t);\n\t\t\t}\n\t\t}\n\t}\n})();\n<\/script><!-- Mailchimp for WordPress v4.10.2 - https:\/\/wordpress.org\/plugins\/mailchimp-for-wp\/ --><form id=\"mc4wp-form-1\" class=\"mc4wp-form mc4wp-form-2102\" method=\"post\" data-id=\"2102\" data-name=\"Suscripcion a mailing list  red03\" ><div class=\"mc4wp-form-fields\"><p><strong>\r\n  Suscribirse a mailing list <\/strong>\r\n<\/p>\r\n<p>\r\n    <label>Nombre<\/label>\r\n    <input type=\"text\" name=\"FNAME\">\r\n<\/p>\r\n<p>\r\n    <label>Apellido<\/label>\r\n    <input type=\"text\" name=\"LNAME\">\r\n<\/p>\r\n<p>\r\n\t<label>Direcci\u00f3n de correo electr\u00f3nico: <\/label>\r\n\t<input type=\"email\" name=\"EMAIL\" placeholder=\"Tu direcci\u00f3n de correo electr\u00f3nico\" required \/>\r\n<\/p>\r\n<p>\r\n    <label>Acci\u00f3n<\/label>\r\n    <label>\r\n        <input name=\"_mc4wp_action\" type=\"radio\" value=\"subscribe\" required=\"\"\r\n        checked=\"true\"> <span>Subscribe<\/span>\r\n    <\/label>\r\n    <label>\r\n        <input name=\"_mc4wp_action\" type=\"radio\" value=\"unsubscribe\" required=\"\"> <span>Unsubscribe<\/span>\r\n    <\/label>\r\n<\/p>\r\n<p>\r\n    <label>\r\n        <input name=\"AGREE_TO_TERMS\" type=\"checkbox\" value=\"1\" required=\"\"> <a href=\"https:\/\/www.red03.com\/2016\/condiciones\/\" target=\"_blank\">He le\u00eddo y acepto los t\u00e9rminos y condiciones<\/a>\r\n    <\/label>\r\n<\/p>\r\n<p>\r\n\t<input type=\"submit\" value=\"Registro\" \/>\r\n<\/p><\/div><label style=\"display: none !important;\">Deja vac\u00edo este campo si eres humano: <input type=\"text\" name=\"_mc4wp_honeypot\" value=\"\" tabindex=\"-1\" autocomplete=\"off\" \/><\/label><input type=\"hidden\" name=\"_mc4wp_timestamp\" value=\"1777452892\" \/><input type=\"hidden\" name=\"_mc4wp_form_id\" value=\"2102\" \/><input type=\"hidden\" name=\"_mc4wp_form_element_id\" value=\"mc4wp-form-1\" \/><div class=\"mc4wp-response\"><\/div><\/form><!-- \/ Mailchimp for WordPress Plugin -->\n","protected":false},"excerpt":{"rendered":"<p>Joan Parram\u00f3n Fornos Joan Parram\u00f3n Fornos\u00a0(Barcelona,\u00a01951) es un\u00a0pintor\u00a0abstracto\u00a0barcelon\u00e9s con ascendencia de\u00a0Mequinenza\u00a0(Zaragoza). Actualmente tiene su taller art\u00edstico en el espacio Nauart de\u00a0Barcelona\u00a0y ha realizado numerosas exposiciones tanto a nivel local y nacional como internacional. Formaci\u00f3n Su educaci\u00f3n art\u00edstica desde\u00a01980\u00a0a\u00a01984\u00a0fue en el taller-escuela de Gonzalo Beltr\u00e1n, artista sevillano afincado en\u00a0Barcelona\u00a0que poco despu\u00e9s se convertir\u00eda en catedr\u00e1tico de [&hellip;]<\/p>\n","protected":false},"author":1,"featured_media":3671,"comment_status":"closed","ping_status":"closed","sticky":false,"template":"","format":"standard","meta":{"seo_booster_metabox":""},"categories":[187],"tags":[100],"aioseo_notices":[],"_links":{"self":[{"href":"https:\/\/www.red03.com\/2016\/wp-json\/wp\/v2\/posts\/1072"}],"collection":[{"href":"https:\/\/www.red03.com\/2016\/wp-json\/wp\/v2\/posts"}],"about":[{"href":"https:\/\/www.red03.com\/2016\/wp-json\/wp\/v2\/types\/post"}],"author":[{"embeddable":true,"href":"https:\/\/www.red03.com\/2016\/wp-json\/wp\/v2\/users\/1"}],"replies":[{"embeddable":true,"href":"https:\/\/www.red03.com\/2016\/wp-json\/wp\/v2\/comments?post=1072"}],"version-history":[{"count":6,"href":"https:\/\/www.red03.com\/2016\/wp-json\/wp\/v2\/posts\/1072\/revisions"}],"predecessor-version":[{"id":4338,"href":"https:\/\/www.red03.com\/2016\/wp-json\/wp\/v2\/posts\/1072\/revisions\/4338"}],"wp:featuredmedia":[{"embeddable":true,"href":"https:\/\/www.red03.com\/2016\/wp-json\/wp\/v2\/media\/3671"}],"wp:attachment":[{"href":"https:\/\/www.red03.com\/2016\/wp-json\/wp\/v2\/media?parent=1072"}],"wp:term":[{"taxonomy":"category","embeddable":true,"href":"https:\/\/www.red03.com\/2016\/wp-json\/wp\/v2\/categories?post=1072"},{"taxonomy":"post_tag","embeddable":true,"href":"https:\/\/www.red03.com\/2016\/wp-json\/wp\/v2\/tags?post=1072"}],"curies":[{"name":"wp","href":"https:\/\/api.w.org\/{rel}","templated":true}]}}