{"id":1482,"date":"2019-06-22T16:59:18","date_gmt":"2019-06-22T16:59:18","guid":{"rendered":"https:\/\/www.red03.com\/2016\/?p=1482"},"modified":"2020-07-11T08:55:06","modified_gmt":"2020-07-11T08:55:06","slug":"outstanding","status":"publish","type":"post","link":"https:\/\/www.red03.com\/2016\/outstanding\/","title":{"rendered":"Outstanding"},"content":{"rendered":"<h3>OUTSTANDING Contemporary Art Exhibition<\/h3>\n<p><strong>Agustench \u2013 Juan Canals \u2013 Juan Carlos Lozano \u2013 Magdalena Esteve \u2013 Marcela Jard\u00f3n<\/strong><\/p>\n<p style=\"text-align: left;\"><img loading=\"lazy\" class=\"alignnone wp-image-2405 size-full\" src=\"https:\/\/www.red03.com\/2016\/wp-content\/uploads\/2019\/06\/flyer_cuadrado.jpg\" alt=\"\" width=\"1000\" height=\"1010\" srcset=\"https:\/\/www.red03.com\/2016\/wp-content\/uploads\/2019\/06\/flyer_cuadrado.jpg 1000w, https:\/\/www.red03.com\/2016\/wp-content\/uploads\/2019\/06\/flyer_cuadrado-262x265.jpg 262w, https:\/\/www.red03.com\/2016\/wp-content\/uploads\/2019\/06\/flyer_cuadrado-555x561.jpg 555w, https:\/\/www.red03.com\/2016\/wp-content\/uploads\/2019\/06\/flyer_cuadrado-297x300.jpg 297w, https:\/\/www.red03.com\/2016\/wp-content\/uploads\/2019\/06\/flyer_cuadrado-768x776.jpg 768w\" sizes=\"(max-width: 1000px) 100vw, 1000px\" \/><\/p>\n<p style=\"text-align: justify;\">La mostra, que romandr\u00e0 oberta des l\u20191 de desembre de 2017 fins al 9 de gener de 2018, es compon d\u2019una selecci\u00f3 d\u2019obres realitzada pels mateixos artistes, de format i tem\u00e0tiques tan diferents com els seus creadors. Els autors que participen en aquesta exposici\u00f3, s\u00f3n artistes amb un estil propi, amb un comprom\u00eds amb l\u2019experimentaci\u00f3 personal que distingeix la seva obra. Per aix\u00f2, si b\u00e9 l\u2019exposici\u00f3 reuneix peces de moments diversos de cada artista, entre les quals es troben algunes de les seves obres m\u00e9s actuals, amb les seves variades recerques i abordatges de la pintura, el collage, l\u2019obra gr\u00e0fica, i la fotografia, en totes elles es troben representats. Aix\u00ed, acomiaden l\u2019any, amb una invitaci\u00f3 en la qual els clients i amants de l\u2019art tindran l\u2019oportunitat de saludar els artistes, alhora d\u2019apreciar, les seves respectives propostes.<\/p>\n<p style=\"text-align: justify;\"><em>The show, which will be open from 1 December 2017 until 9 January 2018, features a selection of pieces done by the artists themselves using formats and themes as different as their creators. The artists participating in this exhibit have their own styles, and are committed to the type of personal experimentation that distinguishes their work. Even though the exhibit includes pieces from different stages in each artist\u2019s career, including some of their most recent pieces, all of their various quests and approaches to painting, collage, graphic art, and photography, are represented. (Translate: Kymm Coveney)<\/em><\/p>\n<p style=\"text-align: left;\"><a href=\"http:\/\/www.marcelajardon.net\/wordpress\/eventos\/destacados\/\">more info &gt;&gt;&gt;<\/a><\/p>\n<p>&nbsp;<\/p>\n<blockquote><p>&nbsp;<\/p><\/blockquote>\n<script>(function() {\n\twindow.mc4wp = window.mc4wp || {\n\t\tlisteners: [],\n\t\tforms: {\n\t\t\ton: function(evt, cb) {\n\t\t\t\twindow.mc4wp.listeners.push(\n\t\t\t\t\t{\n\t\t\t\t\t\tevent   : evt,\n\t\t\t\t\t\tcallback: cb\n\t\t\t\t\t}\n\t\t\t\t);\n\t\t\t}\n\t\t}\n\t}\n})();\n<\/script><!-- Mailchimp for WordPress v4.10.2 - https:\/\/wordpress.org\/plugins\/mailchimp-for-wp\/ --><form id=\"mc4wp-form-1\" class=\"mc4wp-form mc4wp-form-2102\" method=\"post\" data-id=\"2102\" data-name=\"Suscripcion a mailing list  red03\" ><div class=\"mc4wp-form-fields\"><p><strong>\r\n  Suscribirse a mailing list <\/strong>\r\n<\/p>\r\n<p>\r\n    <label>Nombre<\/label>\r\n    <input type=\"text\" name=\"FNAME\">\r\n<\/p>\r\n<p>\r\n    <label>Apellido<\/label>\r\n    <input type=\"text\" name=\"LNAME\">\r\n<\/p>\r\n<p>\r\n\t<label>Direcci\u00f3n de correo electr\u00f3nico: <\/label>\r\n\t<input type=\"email\" name=\"EMAIL\" placeholder=\"Tu direcci\u00f3n de correo electr\u00f3nico\" required \/>\r\n<\/p>\r\n<p>\r\n    <label>Acci\u00f3n<\/label>\r\n    <label>\r\n        <input name=\"_mc4wp_action\" type=\"radio\" value=\"subscribe\" required=\"\"\r\n        checked=\"true\"> <span>Subscribe<\/span>\r\n    <\/label>\r\n    <label>\r\n        <input name=\"_mc4wp_action\" type=\"radio\" value=\"unsubscribe\" required=\"\"> <span>Unsubscribe<\/span>\r\n    <\/label>\r\n<\/p>\r\n<p>\r\n    <label>\r\n        <input name=\"AGREE_TO_TERMS\" type=\"checkbox\" value=\"1\" required=\"\"> <a href=\"https:\/\/www.red03.com\/2016\/condiciones\/\" target=\"_blank\">He le\u00eddo y acepto los t\u00e9rminos y condiciones<\/a>\r\n    <\/label>\r\n<\/p>\r\n<p>\r\n\t<input type=\"submit\" value=\"Registro\" \/>\r\n<\/p><\/div><label style=\"display: none !important;\">Deja vac\u00edo este campo si eres humano: <input type=\"text\" name=\"_mc4wp_honeypot\" value=\"\" tabindex=\"-1\" autocomplete=\"off\" \/><\/label><input type=\"hidden\" name=\"_mc4wp_timestamp\" value=\"1777606934\" \/><input type=\"hidden\" name=\"_mc4wp_form_id\" value=\"2102\" \/><input type=\"hidden\" name=\"_mc4wp_form_element_id\" value=\"mc4wp-form-1\" \/><div class=\"mc4wp-response\"><\/div><\/form><!-- \/ Mailchimp for WordPress Plugin -->\n","protected":false},"excerpt":{"rendered":"<p>OUTSTANDING Contemporary Art Exhibition Agustench \u2013 Juan Canals \u2013 Juan Carlos Lozano \u2013 Magdalena Esteve \u2013 Marcela Jard\u00f3n La mostra, que romandr\u00e0 oberta des l\u20191 de desembre de 2017 fins al 9 de gener de 2018, es compon d\u2019una selecci\u00f3 d\u2019obres realitzada pels mateixos artistes, de format i tem\u00e0tiques tan diferents com els seus creadors. [&hellip;]<\/p>\n","protected":false},"author":1,"featured_media":2406,"comment_status":"closed","ping_status":"closed","sticky":false,"template":"","format":"standard","meta":{"seo_booster_metabox":""},"categories":[121,191,182,193,183],"tags":[],"aioseo_notices":[],"_links":{"self":[{"href":"https:\/\/www.red03.com\/2016\/wp-json\/wp\/v2\/posts\/1482"}],"collection":[{"href":"https:\/\/www.red03.com\/2016\/wp-json\/wp\/v2\/posts"}],"about":[{"href":"https:\/\/www.red03.com\/2016\/wp-json\/wp\/v2\/types\/post"}],"author":[{"embeddable":true,"href":"https:\/\/www.red03.com\/2016\/wp-json\/wp\/v2\/users\/1"}],"replies":[{"embeddable":true,"href":"https:\/\/www.red03.com\/2016\/wp-json\/wp\/v2\/comments?post=1482"}],"version-history":[{"count":5,"href":"https:\/\/www.red03.com\/2016\/wp-json\/wp\/v2\/posts\/1482\/revisions"}],"predecessor-version":[{"id":4127,"href":"https:\/\/www.red03.com\/2016\/wp-json\/wp\/v2\/posts\/1482\/revisions\/4127"}],"wp:featuredmedia":[{"embeddable":true,"href":"https:\/\/www.red03.com\/2016\/wp-json\/wp\/v2\/media\/2406"}],"wp:attachment":[{"href":"https:\/\/www.red03.com\/2016\/wp-json\/wp\/v2\/media?parent=1482"}],"wp:term":[{"taxonomy":"category","embeddable":true,"href":"https:\/\/www.red03.com\/2016\/wp-json\/wp\/v2\/categories?post=1482"},{"taxonomy":"post_tag","embeddable":true,"href":"https:\/\/www.red03.com\/2016\/wp-json\/wp\/v2\/tags?post=1482"}],"curies":[{"name":"wp","href":"https:\/\/api.w.org\/{rel}","templated":true}]}}