{"id":2533,"date":"2019-07-28T08:49:55","date_gmt":"2019-07-28T08:49:55","guid":{"rendered":"https:\/\/www.red03.com\/2016\/?p=2533"},"modified":"2020-07-11T08:38:24","modified_gmt":"2020-07-11T08:38:24","slug":"helga-correa","status":"publish","type":"post","link":"https:\/\/www.red03.com\/2016\/helga-correa\/","title":{"rendered":"Helga Correa Bio"},"content":{"rendered":"<p style=\"text-align: justify;\">Artista y profesora en la Universidad Federal de Santa Maria RS \/ Brasil, doctorado en Artes y Educaci\u00f3n por la Universidad de Barcelona \/ Espa\u00f1a; L\u00edder del Grupo de Investigaci\u00f3n en Arte Impreso y Ecolog\u00eda CNPq. Desarrolla investigaciones con \u00e9nfasis en Arte y Ecolog\u00eda, Grabado Contempor\u00e1neo, Libros Arte.<\/p>\n<p style=\"text-align: left;\">Preocupada por los problemas ambientales y la conservaci\u00f3n de la biodiversidad local, el artista utiliza artificios que apelan a la apreciaci\u00f3n est\u00e9tica de la obra, ya sea en elaboraciones que revelan la protecci\u00f3n, la belleza o el deterioro expl\u00edcito de los animales y plantas que se recolectan a su alrededor en Brasil. Utiliza la catalogaci\u00f3n como estrategia, explorando formas de sensibilizar a aquellos que de alguna manera interact\u00faan con el trabajo, proponiendo reflexiones sobre la realidad y la comprensi\u00f3n del problema.<\/p>\n<p><img loading=\"lazy\" class=\"alignnone wp-image-2537 size-large\" src=\"https:\/\/www.red03.com\/2016\/wp-content\/uploads\/2019\/07\/Helga_Correa_I_133839-1024x489.jpg\" alt=\"\" width=\"900\" height=\"430\" srcset=\"https:\/\/www.red03.com\/2016\/wp-content\/uploads\/2019\/07\/Helga_Correa_I_133839-1024x489.jpg 1024w, https:\/\/www.red03.com\/2016\/wp-content\/uploads\/2019\/07\/Helga_Correa_I_133839-262x125.jpg 262w, https:\/\/www.red03.com\/2016\/wp-content\/uploads\/2019\/07\/Helga_Correa_I_133839-555x265.jpg 555w, https:\/\/www.red03.com\/2016\/wp-content\/uploads\/2019\/07\/Helga_Correa_I_133839-300x143.jpg 300w, https:\/\/www.red03.com\/2016\/wp-content\/uploads\/2019\/07\/Helga_Correa_I_133839-768x367.jpg 768w, https:\/\/www.red03.com\/2016\/wp-content\/uploads\/2019\/07\/Helga_Correa_I_133839.jpg 1500w\" sizes=\"(max-width: 900px) 100vw, 900px\" \/><\/p>\n<p>&nbsp;<\/p>\n<hr \/>\n<p>&nbsp;<\/p>\n<p>&nbsp;<\/p>\n<p style=\"text-align: left;\"><script>(function() {\n\twindow.mc4wp = window.mc4wp || {\n\t\tlisteners: [],\n\t\tforms: {\n\t\t\ton: function(evt, cb) {\n\t\t\t\twindow.mc4wp.listeners.push(\n\t\t\t\t\t{\n\t\t\t\t\t\tevent   : evt,\n\t\t\t\t\t\tcallback: cb\n\t\t\t\t\t}\n\t\t\t\t);\n\t\t\t}\n\t\t}\n\t}\n})();\n<\/script><!-- Mailchimp for WordPress v4.10.2 - https:\/\/wordpress.org\/plugins\/mailchimp-for-wp\/ --><form id=\"mc4wp-form-1\" class=\"mc4wp-form mc4wp-form-2102\" method=\"post\" data-id=\"2102\" data-name=\"Suscripcion a mailing list  red03\" ><div class=\"mc4wp-form-fields\"><p><strong>\r\n  Suscribirse a mailing list <\/strong>\r\n<\/p>\r\n<p>\r\n    <label>Nombre<\/label>\r\n    <input type=\"text\" name=\"FNAME\">\r\n<\/p>\r\n<p>\r\n    <label>Apellido<\/label>\r\n    <input type=\"text\" name=\"LNAME\">\r\n<\/p>\r\n<p>\r\n\t<label>Direcci\u00f3n de correo electr\u00f3nico: <\/label>\r\n\t<input type=\"email\" name=\"EMAIL\" placeholder=\"Tu direcci\u00f3n de correo electr\u00f3nico\" required \/>\r\n<\/p>\r\n<p>\r\n    <label>Acci\u00f3n<\/label>\r\n    <label>\r\n        <input name=\"_mc4wp_action\" type=\"radio\" value=\"subscribe\" required=\"\"\r\n        checked=\"true\"> <span>Subscribe<\/span>\r\n    <\/label>\r\n    <label>\r\n        <input name=\"_mc4wp_action\" type=\"radio\" value=\"unsubscribe\" required=\"\"> <span>Unsubscribe<\/span>\r\n    <\/label>\r\n<\/p>\r\n<p>\r\n    <label>\r\n        <input name=\"AGREE_TO_TERMS\" type=\"checkbox\" value=\"1\" required=\"\"> <a href=\"https:\/\/www.red03.com\/2016\/condiciones\/\" target=\"_blank\">He le\u00eddo y acepto los t\u00e9rminos y condiciones<\/a>\r\n    <\/label>\r\n<\/p>\r\n<p>\r\n\t<input type=\"submit\" value=\"Registro\" \/>\r\n<\/p><\/div><label style=\"display: none !important;\">Deja vac\u00edo este campo si eres humano: <input type=\"text\" name=\"_mc4wp_honeypot\" value=\"\" tabindex=\"-1\" autocomplete=\"off\" \/><\/label><input type=\"hidden\" name=\"_mc4wp_timestamp\" value=\"1777438976\" \/><input type=\"hidden\" name=\"_mc4wp_form_id\" value=\"2102\" \/><input type=\"hidden\" name=\"_mc4wp_form_element_id\" value=\"mc4wp-form-1\" \/><div class=\"mc4wp-response\"><\/div><\/form><!-- \/ Mailchimp for WordPress Plugin --><\/p>\n","protected":false},"excerpt":{"rendered":"<p>Artista y profesora en la Universidad Federal de Santa Maria RS \/ Brasil, doctorado en Artes y Educaci\u00f3n por la Universidad de Barcelona \/ Espa\u00f1a; L\u00edder del Grupo de Investigaci\u00f3n en Arte Impreso y Ecolog\u00eda CNPq. Desarrolla investigaciones con \u00e9nfasis en Arte y Ecolog\u00eda, Grabado Contempor\u00e1neo, Libros Arte. Preocupada por los problemas ambientales y la [&hellip;]<\/p>\n","protected":false},"author":1,"featured_media":2535,"comment_status":"closed","ping_status":"closed","sticky":false,"template":"","format":"standard","meta":{"seo_booster_metabox":""},"categories":[180],"tags":[],"aioseo_notices":[],"_links":{"self":[{"href":"https:\/\/www.red03.com\/2016\/wp-json\/wp\/v2\/posts\/2533"}],"collection":[{"href":"https:\/\/www.red03.com\/2016\/wp-json\/wp\/v2\/posts"}],"about":[{"href":"https:\/\/www.red03.com\/2016\/wp-json\/wp\/v2\/types\/post"}],"author":[{"embeddable":true,"href":"https:\/\/www.red03.com\/2016\/wp-json\/wp\/v2\/users\/1"}],"replies":[{"embeddable":true,"href":"https:\/\/www.red03.com\/2016\/wp-json\/wp\/v2\/comments?post=2533"}],"version-history":[{"count":5,"href":"https:\/\/www.red03.com\/2016\/wp-json\/wp\/v2\/posts\/2533\/revisions"}],"predecessor-version":[{"id":4292,"href":"https:\/\/www.red03.com\/2016\/wp-json\/wp\/v2\/posts\/2533\/revisions\/4292"}],"wp:featuredmedia":[{"embeddable":true,"href":"https:\/\/www.red03.com\/2016\/wp-json\/wp\/v2\/media\/2535"}],"wp:attachment":[{"href":"https:\/\/www.red03.com\/2016\/wp-json\/wp\/v2\/media?parent=2533"}],"wp:term":[{"taxonomy":"category","embeddable":true,"href":"https:\/\/www.red03.com\/2016\/wp-json\/wp\/v2\/categories?post=2533"},{"taxonomy":"post_tag","embeddable":true,"href":"https:\/\/www.red03.com\/2016\/wp-json\/wp\/v2\/tags?post=2533"}],"curies":[{"name":"wp","href":"https:\/\/api.w.org\/{rel}","templated":true}]}}