{"id":3626,"date":"2020-06-08T09:56:16","date_gmt":"2020-06-08T09:56:16","guid":{"rendered":"https:\/\/www.red03.com\/2016\/?p=3626"},"modified":"2020-07-11T08:36:08","modified_gmt":"2020-07-11T08:36:08","slug":"tatiana-fonti","status":"publish","type":"post","link":"https:\/\/www.red03.com\/2016\/tatiana-fonti\/","title":{"rendered":"Tatiana Fonti Bio"},"content":{"rendered":"<div class=\"tituloAgenda\">\n<p><span style=\"color: #333333;\"><span style=\"font-size: 16px;\">Argentina<\/span><\/span><span style=\"font-size: 16px;\">,\u00a0<\/span>1982<\/p>\n<\/div>\n<div class=\"galeriaCont\">\n<div class=\"laGaleria3\">\n<p>Arquitecta. Universidad Cat\u00f3lica de C\u00f3rdoba (UCC). \u00a0Argentina. \u00a0Estudi\u00f3 en (ITESO) Instituto de Estudios Superiores de Occidente, Tlaquepaque, Jalisco, M\u00e9xico.<\/p>\n<p>Master Internacional Eco Polis por Beca obtenida por IILA (Instituto Italo Latinoamericano) , en Pol\u00edticas Ambientales y Territoriales para la Sustentabilidad y Desarrollo Local. Universit\u00e0 degli Studi di Ferrara y Facolt\u00e0 di Economia, Facolt\u00e0 de Scienze MM.FF.NN, Ferrara, Italia.<\/p>\n<div>Desarrollo de Tesis. Maestr\u00eda en Rehabilitaci\u00f3n y Conservaci\u00f3n del Patrimonio Arquitect\u00f3nico. (UNC) Universidad Nacional de C\u00f3rdoba, Argentina.<\/div>\n<div><\/div>\n<div>Diferentes cursos, investigaciones y Workshops a nivel Regional, Nacional e Internacional.[Argentina,M\u00e9xico,Brasil,Italia]<\/div>\n<div><\/div>\n<div>Estudio y trabajo sobre la arquitectura esc\u00e9nica y artes pl\u00e1sticas, participando en diferentes exposiciones individuales y grupales de dibujo y pintura.[Argentina,M\u00e9xico,Italia][a\u00f1o 2003- 2010]<\/div>\n<div><\/div>\n<div>Participaci\u00f3n en el Arte de Tapa para la Colecci\u00f3n Pu\u00f1a y Letra de (EDUCC), Editorial Universidad Cat\u00f3lica de C\u00f3rdoba, Argentina. [a\u00f1o 2004 -2008]<\/div>\n<\/div>\n<\/div>\n<div><\/div>\n<div><\/div>\n<div><\/div>\n<div class=\"galeriaCont\">\n<div class=\"laGaleria3\" style=\"text-align: right;\"><em>Artista representada por MARTIN KLETZEL Arte Contempor\u00e1neo.<\/em><\/div>\n<p>&nbsp;<\/p>\n<hr \/>\n<div>\n<p>&nbsp;<\/p>\n<p style=\"text-align: left;\"><script>(function() {\n\twindow.mc4wp = window.mc4wp || {\n\t\tlisteners: [],\n\t\tforms: {\n\t\t\ton: function(evt, cb) {\n\t\t\t\twindow.mc4wp.listeners.push(\n\t\t\t\t\t{\n\t\t\t\t\t\tevent   : evt,\n\t\t\t\t\t\tcallback: cb\n\t\t\t\t\t}\n\t\t\t\t);\n\t\t\t}\n\t\t}\n\t}\n})();\n<\/script><!-- Mailchimp for WordPress v4.10.2 - https:\/\/wordpress.org\/plugins\/mailchimp-for-wp\/ --><form id=\"mc4wp-form-1\" class=\"mc4wp-form mc4wp-form-2102\" method=\"post\" data-id=\"2102\" data-name=\"Suscripcion a mailing list  red03\" ><div class=\"mc4wp-form-fields\"><p><strong>\r\n  Suscribirse a mailing list <\/strong>\r\n<\/p>\r\n<p>\r\n    <label>Nombre<\/label>\r\n    <input type=\"text\" name=\"FNAME\">\r\n<\/p>\r\n<p>\r\n    <label>Apellido<\/label>\r\n    <input type=\"text\" name=\"LNAME\">\r\n<\/p>\r\n<p>\r\n\t<label>Direcci\u00f3n de correo electr\u00f3nico: <\/label>\r\n\t<input type=\"email\" name=\"EMAIL\" placeholder=\"Tu direcci\u00f3n de correo electr\u00f3nico\" required \/>\r\n<\/p>\r\n<p>\r\n    <label>Acci\u00f3n<\/label>\r\n    <label>\r\n        <input name=\"_mc4wp_action\" type=\"radio\" value=\"subscribe\" required=\"\"\r\n        checked=\"true\"> <span>Subscribe<\/span>\r\n    <\/label>\r\n    <label>\r\n        <input name=\"_mc4wp_action\" type=\"radio\" value=\"unsubscribe\" required=\"\"> <span>Unsubscribe<\/span>\r\n    <\/label>\r\n<\/p>\r\n<p>\r\n    <label>\r\n        <input name=\"AGREE_TO_TERMS\" type=\"checkbox\" value=\"1\" required=\"\"> <a href=\"https:\/\/www.red03.com\/2016\/condiciones\/\" target=\"_blank\">He le\u00eddo y acepto los t\u00e9rminos y condiciones<\/a>\r\n    <\/label>\r\n<\/p>\r\n<p>\r\n\t<input type=\"submit\" value=\"Registro\" \/>\r\n<\/p><\/div><label style=\"display: none !important;\">Deja vac\u00edo este campo si eres humano: <input type=\"text\" name=\"_mc4wp_honeypot\" value=\"\" tabindex=\"-1\" autocomplete=\"off\" \/><\/label><input type=\"hidden\" name=\"_mc4wp_timestamp\" value=\"1777441436\" \/><input type=\"hidden\" name=\"_mc4wp_form_id\" value=\"2102\" \/><input type=\"hidden\" name=\"_mc4wp_form_element_id\" value=\"mc4wp-form-1\" \/><div class=\"mc4wp-response\"><\/div><\/form><!-- \/ Mailchimp for WordPress Plugin --><\/p>\n<\/div>\n<\/div>\n","protected":false},"excerpt":{"rendered":"<p>Argentina,\u00a01982 Arquitecta. Universidad Cat\u00f3lica de C\u00f3rdoba (UCC). \u00a0Argentina. \u00a0Estudi\u00f3 en (ITESO) Instituto de Estudios Superiores de Occidente, Tlaquepaque, Jalisco, M\u00e9xico. Master Internacional Eco Polis por Beca obtenida por IILA (Instituto Italo Latinoamericano) , en Pol\u00edticas Ambientales y Territoriales para la Sustentabilidad y Desarrollo Local. Universit\u00e0 degli Studi di Ferrara y Facolt\u00e0 di Economia, Facolt\u00e0 de [&hellip;]<\/p>\n","protected":false},"author":1,"featured_media":3601,"comment_status":"closed","ping_status":"closed","sticky":false,"template":"","format":"standard","meta":{"seo_booster_metabox":""},"categories":[174],"tags":[],"aioseo_notices":[],"_links":{"self":[{"href":"https:\/\/www.red03.com\/2016\/wp-json\/wp\/v2\/posts\/3626"}],"collection":[{"href":"https:\/\/www.red03.com\/2016\/wp-json\/wp\/v2\/posts"}],"about":[{"href":"https:\/\/www.red03.com\/2016\/wp-json\/wp\/v2\/types\/post"}],"author":[{"embeddable":true,"href":"https:\/\/www.red03.com\/2016\/wp-json\/wp\/v2\/users\/1"}],"replies":[{"embeddable":true,"href":"https:\/\/www.red03.com\/2016\/wp-json\/wp\/v2\/comments?post=3626"}],"version-history":[{"count":9,"href":"https:\/\/www.red03.com\/2016\/wp-json\/wp\/v2\/posts\/3626\/revisions"}],"predecessor-version":[{"id":4289,"href":"https:\/\/www.red03.com\/2016\/wp-json\/wp\/v2\/posts\/3626\/revisions\/4289"}],"wp:featuredmedia":[{"embeddable":true,"href":"https:\/\/www.red03.com\/2016\/wp-json\/wp\/v2\/media\/3601"}],"wp:attachment":[{"href":"https:\/\/www.red03.com\/2016\/wp-json\/wp\/v2\/media?parent=3626"}],"wp:term":[{"taxonomy":"category","embeddable":true,"href":"https:\/\/www.red03.com\/2016\/wp-json\/wp\/v2\/categories?post=3626"},{"taxonomy":"post_tag","embeddable":true,"href":"https:\/\/www.red03.com\/2016\/wp-json\/wp\/v2\/tags?post=3626"}],"curies":[{"name":"wp","href":"https:\/\/api.w.org\/{rel}","templated":true}]}}