{"id":381,"date":"2017-01-27T15:09:36","date_gmt":"2017-01-27T15:09:36","guid":{"rendered":"http:\/\/www.red03.com\/2016\/?p=381"},"modified":"2020-07-14T12:28:05","modified_gmt":"2020-07-14T12:28:05","slug":"tadahiko-ikegaki","status":"publish","type":"post","link":"https:\/\/www.red03.com\/2016\/tadahiko-ikegaki\/","title":{"rendered":"Tadahiko Ikegaki Bio"},"content":{"rendered":"<p style=\"text-align: justify;\">\u201cRecientemente, me he sentido melanc\u00f3lico. Pasan los tiempos, pero a\u00fan me interesan las pinturas figurativas. Eleg\u00ed venir a Barcelona por su profundo sentimiento figurativo.<br \/>\nMe impresionan mucho los grandes maestros que han transitado la figuraci\u00f3n como Picasso, Goya, y Gaudi entre otros.<br \/>\nCreo que siempre habr\u00e1 posibilidades originales de expresi\u00f3n figurativa\u2026 todav\u00eda hay cosas para descubrir. \u201c<\/p>\n<p style=\"text-align: justify;\">Ikegaki Tadahiko (Kyoto 1955) artista e investigador de Kyoto Seika University Faculty of Art Department of Fine Arts, presenta por primera vez en Europa, una selecci\u00f3n de calcograf\u00edas en blanco y negro sobre papel japon\u00e9s gampi, dibujos, bolsa florero.<\/p>\n<p><img loading=\"lazy\" class=\"aligncenter wp-image-1743 size-large\" src=\"https:\/\/www.red03.com\/2016\/wp-content\/uploads\/2017\/01\/ikegaki_11-717x1024.jpg\" alt=\"\" width=\"717\" height=\"1024\" srcset=\"https:\/\/www.red03.com\/2016\/wp-content\/uploads\/2017\/01\/ikegaki_11-717x1024.jpg 717w, https:\/\/www.red03.com\/2016\/wp-content\/uploads\/2017\/01\/ikegaki_11-262x374.jpg 262w, https:\/\/www.red03.com\/2016\/wp-content\/uploads\/2017\/01\/ikegaki_11-555x793.jpg 555w, https:\/\/www.red03.com\/2016\/wp-content\/uploads\/2017\/01\/ikegaki_11-210x300.jpg 210w, https:\/\/www.red03.com\/2016\/wp-content\/uploads\/2017\/01\/ikegaki_11-768x1097.jpg 768w, https:\/\/www.red03.com\/2016\/wp-content\/uploads\/2017\/01\/ikegaki_11.jpg 831w\" sizes=\"(max-width: 717px) 100vw, 717px\" \/><\/p>\n<p>&nbsp;<\/p>\n<p><strong>Chihiko Tadahiko Ikegaki<\/strong><\/p>\n<p>Tadahiko Ikegaki va y viene f\u00e1cilmente entre planos y \u00e1reas tridimensionales, con su impresi\u00f3n como punto de partida para un artista. Utiliza una serie de t\u00e9cnicas y materiales libremente y repite su trabajo como si su prosperidad fuera tambi\u00e9n una expresi\u00f3n.<br \/>\nSu trabajo que sacude el mundo fijo al manifestar el caos y revela otra posibilidad es digno de ser llamado festival. Y el artista que gobierna el festival en realidad est\u00e1 trabajando de manera inteligente.<br \/>\nYasuhiko Okumura (curador del Museo de Arte Moderno de la Prefectura de Wakayama) Extracto de \u00ab Line Festival \u00bb (2015)<\/p>\n<p>&nbsp;<\/p>\n<p><strong>Biograf\u00eda<\/strong><\/p>\n<p>1955<br \/>\nNacido en kyoto<\/p>\n<p>1974<br \/>\nVivi\u00f3 en M\u00e9xico durante 3 a\u00f1os (~ &#8217;77)<\/p>\n<p>1982<br \/>\nFinalizaci\u00f3n del Departamento de Pintura, Sakai Art Junior College<br \/>\nGraduado del Departamento de Grabado, Universidad de Bellas Artes de Kyoto, Junior College<\/p>\n<p>2006<br \/>\nEstudiante de doctorado de la Universidad de las Artes de Kyoto, Art Research<br \/>\nGraduado de la Universidad de Artes de la ciudad de Kyoto<\/p>\n<p>2009<br \/>\nBarcelona Ryocha School of Art Overseas Training, Espa\u00f1a (~ &#8217;10)<\/p>\n<p><strong>Exposici\u00f3n individual<\/strong><br \/>\n1983<br \/>\nGaler\u00eda Shiro, Osaka (&#8217;85, &#8217;87, &#8217;89, &#8217;91)<\/p>\n<p>1984<br \/>\nGallery Space 11, Tokio<\/p>\n<p>1986<br \/>\ngaler\u00eda coco, Kyoto (&#8217;89, &#8217;90, &#8217;95)<\/p>\n<p>1991<br \/>\nItoki Crystal Hall, Osaka<\/p>\n<p>1992<br \/>\nGaler\u00eda Nikko, Tokio<br \/>\nGaler\u00eda Shinanobashi, Osaka (&#8217;93, &#8217;94, &#8217;97 -&#8217;01, &#8217;06 -08, &#8217;10)<\/p>\n<p>2002<br \/>\nGALER\u00cdA ESPACIO , Kyoto (&#8217;04, &#8217;06)<\/p>\n<p>2005<br \/>\nGaler\u00eda Ban, Osaka<\/p>\n<p>2007<br \/>\n\u00abIndependentx4\u00bb Art Complex Center ACT1, Tokio<\/p>\n<p>2009<br \/>\n\u00abMelancolia Pasada\u00bb Red 03, Barcelona, ??Espa\u00f1a<\/p>\n<p>2011<br \/>\nMeirin Tea Party (Centro de Artes de Kioto, etc.)<\/p>\n<p>2014<br \/>\nGalleria Finale, Nagoya, Aichi (&#8217;16)<\/p>\n<p>2015<br \/>\n\u00abMixta Celebraci\u00f3n Extraordinary-Festival and Chaos\u00bb Gallery Nomar, Osaka<\/p>\n<p>2017<br \/>\nGaler\u00eda \u00abRibbon and prism\u00bb Nomar, Osaka<br \/>\n\u00abCintas y prismas\u00bb Galerie Grand Si\u00e8cle, Taipei, Taiw\u00e1n<\/p>\n<p><strong>Exposici\u00f3n colectiva principal (extracto)<\/strong><br \/>\n1982<br \/>\n\u00abS\u00e9ptima Bienal Internacional de Impresi\u00f3n de Bradford\u00bb Reino Unido<br \/>\n\u00abImpresoras: una nueva generaci\u00f3n\u00bb, galer\u00eda coco, Kyoto<br \/>\n\u00abArteder &#8217;82 Muestra Internacional de Arte Grafico, Bibaor, Espa\u00f1a<\/p>\n<p>1984<br \/>\nGaler\u00eda \u00abYES-ART3\u00bb Shiro, Osaka<\/p>\n<p>1985<br \/>\nGaler\u00eda \u00abYES-ART4\u00bb Shiro, Osaka<br \/>\n\u00abD\u00e9cima Exposici\u00f3n de Arte de Escultura de la Prefectura de Kioto\u00bb Sala de Artes Culturales de la Prefectura de Kioto (Premio New Face)<\/p>\n<p>1986<br \/>\n\u00abArt Now &#8217;86\u00bb Museo de Arte Moderno de la Prefectura de Hyogo, Hyogo, Jap\u00f3n<br \/>\nGaler\u00eda \u00abYES-ART5\u00bb Shiro, Osaka<br \/>\n\u00abTAMA-VIVANT &#8217;86\u00bb Tamaoka Schoolhouse, Tama Art University \/ The Seed Hall, Shibuya Seibu Department Store, Tokio, Jap\u00f3n<\/p>\n<p>1987<br \/>\nEspacio de exhibici\u00f3n \u00abYES-ART DELUXE\u00bb Sagacho, Tokio, etc.<\/p>\n<p>1989<br \/>\n\u00abDe la versi\u00f3n a la versi\u00f3n &#8217;89\u00bb Museo Municipal de Arte de Kioto<\/p>\n<p>1990<br \/>\nGaler\u00eda \u00abTRABAJOS DE DIBUJO\u00bb coco, Kyoto<\/p>\n<p>1991<br \/>\n\u00abCurrent Painting Today\u00bb, Centro de Arte Moderno de la Prefectura de Osaka, Osaka, Jap\u00f3n<br \/>\n\u00abCurrent Art &#8217;91\u00bb Tokushima Prefectural Museum of Modern Art, Tokushima, Jap\u00f3n<\/p>\n<p>1992<br \/>\n\u00abArte contempor\u00e1neo visto por ni\u00f1os\u00bb Museo de Arte de la Ciudad de Ashiya, Hyogo<br \/>\n\u00abTrienal de escultura de Osaka &#8217;92\u00bb My Dome Osaka (Premio excelente)<\/p>\n<p>1993<br \/>\n\u201cArt is Fun 4\u201d Hara Museum Ark, Gunma<\/p>\n<p>1998<br \/>\n\u00abDirecci\u00f3n de pintura\u00bb Osaka Prefectural Center for Contemporary Art<br \/>\n\u00abTrienal de escultura de Osaka &#8217;98\u00bb Mi c\u00fapula Osaka<\/p>\n<p>2000<br \/>\n\u00abKYOTO Print 2000\u00bb, Museo de Arte de la Ciudad de Kyoto, Kyoto, Jap\u00f3n<\/p>\n<p>2003<br \/>\n\u00abTo Plough\u00bb Wakayama Prefectural Museum of Modern Art, Ciudad de Wakayama, Jap\u00f3n<\/p>\n<p>2004<br \/>\n\u00abExposici\u00f3n internacional de impresi\u00f3n ISPA\u00bb Sala de exposiciones de la Universidad de las Artes de Tokio<br \/>\n\u00abPeque\u00f1os aviones y s\u00f3lidos\u00bb GALER\u00cdA ? ? ?, Kyoto<\/p>\n<p>2006<br \/>\n\u00abMaterial: Libro Blanco\u00bb, espacio del proyecto Nomart, cube &amp; loft, Osaka, Jap\u00f3n<\/p>\n<p>2007<br \/>\n\u00abINDEPENDIENTE-Doble Realidad-\u00bb Galer\u00eda del Museo de Arte de la Prefectura de Aichi<\/p>\n<p>2008<br \/>\n\u00abMAXI GRAPHICA \/ Final Distinations\u00bb Museo Municipal de Arte de Kioto<br \/>\n\u00abTassogar no Begin [Exposici\u00f3n de MAXI GRAPHICA]\u00bb GALERIE H2O, Kyoto<br \/>\n\u00abTAMA-VIVANT 2\u00bb Universidad de Arte Tama, Tokio<\/p>\n<p>2009<br \/>\n\u00abModelado contempor\u00e1neo-Vida y arte-\u00bb Museo de Arte de la Ciudad de Higashihiroshima, Hiroshima, Jap\u00f3n<\/p>\n<p>2011<br \/>\n\u00abExposici\u00f3n de la colecci\u00f3n de arte del siglo XX de Osaka\u00bb Galer\u00eda Kaiganto CASO, Osaka<\/p>\n<p>2013<br \/>\n\u00abExposici\u00f3n Awa Paper and Print Expression 2013-Washi and Technology-\u00bb Kyoto City University of Arts Gallery @KCUA<br \/>\n\u00abA good by by present + Tea party\u00bb Galer\u00eda kara-S, Kioto<\/p>\n<p>2014<br \/>\n\u00abPRINT \/ ZINE\u00bb, Edificio Tsukuru, Kyoto, Jap\u00f3n<br \/>\n\u00ab3D Charm Exhibition 2014\u00bb, Geometry of Charm Show 2014, Gallery Tsui, Gunma<br \/>\n\u00abLibros favoritos (59 exposiciones\u00bb favoritas \u00ab) Galer\u00eda Nomart, Osaka<br \/>\nGaler\u00eda de arte Orie \u00abWestern Graphics 2014\u00bb, Tokio<br \/>\n\u00abCASA DE F\u00c1BRICA\u00bb Galer\u00eda Nomar, Osaka<\/p>\n<p>2015<br \/>\n\u00abKINO PRINT\u00bb Galer\u00eda Artislong, Kyoto<br \/>\n\u00abJahresgaben 2015: Art-Can\u00bb Gallery Nomar, Osaka<\/p>\n<p>2016<br \/>\n\u00abCobre que cubre el fondo del barco\u00bb, Galer\u00eda kara-S, Kyoto, Jap\u00f3n<\/p>\n<p>2017<br \/>\n\u00abColecci\u00f3n Primavera\u00bb Galer\u00eda Nomar, Osaka<br \/>\n\u00abStone Letter Project-Letter # 1 from Stone\u00bb Takarazuka University Gallery TRI-ANGLE, Hyogo<\/p>\n<p>2018<br \/>\nGaler\u00eda \u00abAllStars\u00bb Nomar, Osaka<br \/>\n\u00abNew Wave Contemporary Art 80&#8217;s\u00bb Museo Nacional de Arte, Osaka<\/p>\n<p>2019<br \/>\nStone Letter Project # 2 Di\u00e1logos a trav\u00e9s de las calizas, ESPAI NAU U (Escola Llotja Sant Andreu), Barcelona, \u200b\u200bEspa\u00f1a<br \/>\n30th-Miracle vol.5: Miracle, Gallery Nomart, Osaka, Jap\u00f3n<\/p>\n<p><strong>Distinciones<\/strong><br \/>\n\u00b7 1981<br \/>\nKyoto Exhibition, The Purple Prize, Kyoto Municipal Museum of Art, Jap\u00f3n<br \/>\n\u00b7 1985<br \/>\nD\u00e9cima Exposici\u00f3n de Arte de Escultura de Kioto &#8211; Reci\u00e9n llegado<br \/>\n\u00b7 1989<br \/>\nPr\u00f3xima generaci\u00f3n de j\u00f3venes artistas, Premio Incentivo, Centro Prefectural de Arte y Cultura de Kyoto, Kyoto, Jap\u00f3n<br \/>\nExposici\u00f3n de Kyoto, Premio del Alcalde de la Ciudad de Kyoto, Museo Municipal de Arte de Kyoto, Jap\u00f3n<br \/>\n\u00b7 1992<br \/>\nTrienal de Osaka &#8217;92: Concurso Trienal Internacional de Escultura, Osaka, Jap\u00f3n &#8211; Premio Excelencia<\/p>\n<p><strong>Colecciones p\u00fablicas<\/strong><br \/>\nMuseo de Arte Moderno de la Prefectura de Wakayama \/ Museo de Arte de la Prefectura de Hyogo \/ Prefectura de Kioto \/ Prefectura de Osaka \/ Mainichi Broadcasting Station<\/p>\n<hr \/>\n<p>&nbsp;<\/p>\n<script>(function() {\n\twindow.mc4wp = window.mc4wp || {\n\t\tlisteners: [],\n\t\tforms: {\n\t\t\ton: function(evt, cb) {\n\t\t\t\twindow.mc4wp.listeners.push(\n\t\t\t\t\t{\n\t\t\t\t\t\tevent   : evt,\n\t\t\t\t\t\tcallback: cb\n\t\t\t\t\t}\n\t\t\t\t);\n\t\t\t}\n\t\t}\n\t}\n})();\n<\/script><!-- Mailchimp for WordPress v4.10.2 - https:\/\/wordpress.org\/plugins\/mailchimp-for-wp\/ --><form id=\"mc4wp-form-1\" class=\"mc4wp-form mc4wp-form-2102\" method=\"post\" data-id=\"2102\" data-name=\"Suscripcion a mailing list  red03\" ><div class=\"mc4wp-form-fields\"><p><strong>\r\n  Suscribirse a mailing list <\/strong>\r\n<\/p>\r\n<p>\r\n    <label>Nombre<\/label>\r\n    <input type=\"text\" name=\"FNAME\">\r\n<\/p>\r\n<p>\r\n    <label>Apellido<\/label>\r\n    <input type=\"text\" name=\"LNAME\">\r\n<\/p>\r\n<p>\r\n\t<label>Direcci\u00f3n de correo electr\u00f3nico: <\/label>\r\n\t<input type=\"email\" name=\"EMAIL\" placeholder=\"Tu direcci\u00f3n de correo electr\u00f3nico\" required \/>\r\n<\/p>\r\n<p>\r\n    <label>Acci\u00f3n<\/label>\r\n    <label>\r\n        <input name=\"_mc4wp_action\" type=\"radio\" value=\"subscribe\" required=\"\"\r\n        checked=\"true\"> <span>Subscribe<\/span>\r\n    <\/label>\r\n    <label>\r\n        <input name=\"_mc4wp_action\" type=\"radio\" value=\"unsubscribe\" required=\"\"> <span>Unsubscribe<\/span>\r\n    <\/label>\r\n<\/p>\r\n<p>\r\n    <label>\r\n        <input name=\"AGREE_TO_TERMS\" type=\"checkbox\" value=\"1\" required=\"\"> <a href=\"https:\/\/www.red03.com\/2016\/condiciones\/\" target=\"_blank\">He le\u00eddo y acepto los t\u00e9rminos y condiciones<\/a>\r\n    <\/label>\r\n<\/p>\r\n<p>\r\n\t<input type=\"submit\" value=\"Registro\" \/>\r\n<\/p><\/div><label style=\"display: none !important;\">Deja vac\u00edo este campo si eres humano: <input type=\"text\" name=\"_mc4wp_honeypot\" value=\"\" tabindex=\"-1\" autocomplete=\"off\" \/><\/label><input type=\"hidden\" name=\"_mc4wp_timestamp\" value=\"1777445874\" \/><input type=\"hidden\" name=\"_mc4wp_form_id\" value=\"2102\" \/><input type=\"hidden\" name=\"_mc4wp_form_element_id\" value=\"mc4wp-form-1\" \/><div class=\"mc4wp-response\"><\/div><\/form><!-- \/ Mailchimp for WordPress Plugin -->\n","protected":false},"excerpt":{"rendered":"<p>\u201cRecientemente, me he sentido melanc\u00f3lico. Pasan los tiempos, pero a\u00fan me interesan las pinturas figurativas. Eleg\u00ed venir a Barcelona por su profundo sentimiento figurativo. Me impresionan mucho los grandes maestros que han transitado la figuraci\u00f3n como Picasso, Goya, y Gaudi entre otros. Creo que siempre habr\u00e1 posibilidades originales de expresi\u00f3n figurativa\u2026 todav\u00eda hay cosas para [&hellip;]<\/p>\n","protected":false},"author":1,"featured_media":1407,"comment_status":"open","ping_status":"open","sticky":false,"template":"","format":"standard","meta":{"seo_booster_metabox":""},"categories":[196],"tags":[],"aioseo_notices":[],"_links":{"self":[{"href":"https:\/\/www.red03.com\/2016\/wp-json\/wp\/v2\/posts\/381"}],"collection":[{"href":"https:\/\/www.red03.com\/2016\/wp-json\/wp\/v2\/posts"}],"about":[{"href":"https:\/\/www.red03.com\/2016\/wp-json\/wp\/v2\/types\/post"}],"author":[{"embeddable":true,"href":"https:\/\/www.red03.com\/2016\/wp-json\/wp\/v2\/users\/1"}],"replies":[{"embeddable":true,"href":"https:\/\/www.red03.com\/2016\/wp-json\/wp\/v2\/comments?post=381"}],"version-history":[{"count":6,"href":"https:\/\/www.red03.com\/2016\/wp-json\/wp\/v2\/posts\/381\/revisions"}],"predecessor-version":[{"id":4321,"href":"https:\/\/www.red03.com\/2016\/wp-json\/wp\/v2\/posts\/381\/revisions\/4321"}],"wp:featuredmedia":[{"embeddable":true,"href":"https:\/\/www.red03.com\/2016\/wp-json\/wp\/v2\/media\/1407"}],"wp:attachment":[{"href":"https:\/\/www.red03.com\/2016\/wp-json\/wp\/v2\/media?parent=381"}],"wp:term":[{"taxonomy":"category","embeddable":true,"href":"https:\/\/www.red03.com\/2016\/wp-json\/wp\/v2\/categories?post=381"},{"taxonomy":"post_tag","embeddable":true,"href":"https:\/\/www.red03.com\/2016\/wp-json\/wp\/v2\/tags?post=381"}],"curies":[{"name":"wp","href":"https:\/\/api.w.org\/{rel}","templated":true}]}}