{"id":4287,"date":"2020-07-11T08:15:10","date_gmt":"2020-07-11T08:15:10","guid":{"rendered":"https:\/\/www.red03.com\/2016\/?p=4287"},"modified":"2020-07-11T08:15:10","modified_gmt":"2020-07-11T08:15:10","slug":"nuria-duran-bio","status":"publish","type":"post","link":"https:\/\/www.red03.com\/2016\/nuria-duran-bio\/","title":{"rendered":"N\u00faria Duran Bio"},"content":{"rendered":"<p style=\"text-align: justify;\">Mi contacto con el arte comenz\u00f3 a trav\u00e9s de la danza, empec\u00e9 bailando.<br \/>\nEl MOVIMIENTO y el CUERPO me permitieron expresar y vincular mi mundo interno con el exterior. Despu\u00e9s de una lesi\u00f3n en mi pierna izquierda tuve que dejarlo. Me enfad\u00e9 con el mundo y al cabo del tiempo volv\u00ed al arte de nuevo a trav\u00e9s del COLOR.<br \/>\nEl COLOR me llev\u00f3 a estudiar estampaci\u00f3n textil en la Lonja y me licenci\u00e9 en Bellas Artes en la Universidad. Al principio contaba mi mundo interno a trav\u00e9s de la animaci\u00f3n, herramienta muy contempor\u00e1nea en ese momento, pero necesit\u00e9 volver a los or\u00edgenes y estudiar a fondo la pintura a trav\u00e9s de cl\u00e1sicos como C\u00e9zanne, Morandi y otros artistas que me ense\u00f1aron much\u00edsimo.<br \/>\nLa investigaci\u00f3n de diferentes materialidades pict\u00f3ricas ha definido mi lenguaje.<br \/>\nEl Collage me ha dado mucha libertad, he encontrando mi lugar dentro de la obra y he encontrado mi lugar en el mundo a trav\u00e9s del collage, lo que a trav\u00e9s de la pintura, m\u00e1s fija no consegu\u00eda hacer.<br \/>\nEl tejido y la Instalaci\u00f3n me han permitido entrar en el espacio sin delimitaci\u00f3n y jugar con el movimiento y el cuerpo para incluirlos en mi obra. Necesito incluir el cuerpo en la obra para recuperar de alguna manera la danza.<br \/>\nAl principio, en mis paisajes ya buscaba estas estructuras internas, geometr\u00eda que lo unen todo de manera invisible,<br \/>\ntodo estaba tejido para esta red geom\u00e9trica, la monta\u00f1a, el cielo, el todo. Ahora el invisible el percibo el ser humano, la vertical, yo misma y los dem\u00e1s. La interacci\u00f3n del campo morfogen\u00e9tico es la que me mueve para crear.<br \/>\nMe ha interesado siempre salir fuera del pa\u00eds, he expuesto tanto en galer\u00edas como centros de arte en Espa\u00f1a,\u00a0 Portugal, Alemania, Suiza, Francia y Estados Unidos.<br \/>\nHe desarrollado al mismo tiempo talleres de creatividad para adultos, durante 15 a\u00f1os, gestionado de manera aut\u00f3noma en mi propio taller, que me han permitido vivir y compartir de otra manera mi arte.<\/p>\n","protected":false},"excerpt":{"rendered":"<p>Mi contacto con el arte comenz\u00f3 a trav\u00e9s de la danza, empec\u00e9 bailando. El MOVIMIENTO y el CUERPO me permitieron expresar y vincular mi mundo interno con el exterior. Despu\u00e9s de una lesi\u00f3n en mi pierna izquierda tuve que dejarlo. Me enfad\u00e9 con el mundo y al cabo del tiempo volv\u00ed al arte de nuevo [&hellip;]<\/p>\n","protected":false},"author":1,"featured_media":4196,"comment_status":"closed","ping_status":"closed","sticky":false,"template":"","format":"standard","meta":{"seo_booster_metabox":""},"categories":[173],"tags":[],"aioseo_notices":[],"_links":{"self":[{"href":"https:\/\/www.red03.com\/2016\/wp-json\/wp\/v2\/posts\/4287"}],"collection":[{"href":"https:\/\/www.red03.com\/2016\/wp-json\/wp\/v2\/posts"}],"about":[{"href":"https:\/\/www.red03.com\/2016\/wp-json\/wp\/v2\/types\/post"}],"author":[{"embeddable":true,"href":"https:\/\/www.red03.com\/2016\/wp-json\/wp\/v2\/users\/1"}],"replies":[{"embeddable":true,"href":"https:\/\/www.red03.com\/2016\/wp-json\/wp\/v2\/comments?post=4287"}],"version-history":[{"count":1,"href":"https:\/\/www.red03.com\/2016\/wp-json\/wp\/v2\/posts\/4287\/revisions"}],"predecessor-version":[{"id":4288,"href":"https:\/\/www.red03.com\/2016\/wp-json\/wp\/v2\/posts\/4287\/revisions\/4288"}],"wp:featuredmedia":[{"embeddable":true,"href":"https:\/\/www.red03.com\/2016\/wp-json\/wp\/v2\/media\/4196"}],"wp:attachment":[{"href":"https:\/\/www.red03.com\/2016\/wp-json\/wp\/v2\/media?parent=4287"}],"wp:term":[{"taxonomy":"category","embeddable":true,"href":"https:\/\/www.red03.com\/2016\/wp-json\/wp\/v2\/categories?post=4287"},{"taxonomy":"post_tag","embeddable":true,"href":"https:\/\/www.red03.com\/2016\/wp-json\/wp\/v2\/tags?post=4287"}],"curies":[{"name":"wp","href":"https:\/\/api.w.org\/{rel}","templated":true}]}}