{"id":4326,"date":"2020-07-14T16:34:24","date_gmt":"2020-07-14T16:34:24","guid":{"rendered":"https:\/\/www.red03.com\/2016\/?p=4326"},"modified":"2020-07-14T16:34:45","modified_gmt":"2020-07-14T16:34:45","slug":"joan-canals-obra-pictorica-por-teresa-macia-i-bigorra","status":"publish","type":"post","link":"https:\/\/www.red03.com\/2016\/joan-canals-obra-pictorica-por-teresa-macia-i-bigorra\/","title":{"rendered":"Joan Canals. Obra Pict\u00f3rica por Teresa Maci\u00e0 i Bigorra."},"content":{"rendered":"<h1>Joan Canals. Obra Pict\u00f3rica<\/h1>\n<p style=\"text-align: justify;\">Objectes rebutjats, llen\u00e7ats i arraconats, s\u00f3n el motiu d\u00b4inspiraci\u00f3, la mat\u00e8ria primera i els protagonistes de l\u00b4obra d\u00b4en Joan Canals. La barnilla trencada d\u00b4una ombrel.la, fragments d\u00b4un mosaic hidr\u00e0ulic,un moble vell,\u00a0 teles i cartolina de recuperaci\u00f3, retalls, pots encetats de pintura&#8230;.<\/p>\n<p style=\"text-align: justify;\">L\u00b4artista allibera les desferres que troba de la seva condici\u00f3 d\u00b4aband\u00f3 i amb elles recrea el seu m\u00f3n, un univers urb\u00e1 marginal.<\/p>\n<p style=\"text-align: justify;\">Explora m\u00e9todes i t\u00e9cniques diferents. Deixa reposar algunes obres abans d\u00b4acabar-les; composa amb fragments anteriorment desats. S\u00b4expressa a trav\u00e9s del dibuix, de l\u00b4oli, de l\u00b4acr\u00edlic, del gravat i de l\u00b4escultura, i sovint barreja t\u00e9cniques dins d\u00b4un mateix cuadre.Experimenta en moltes direccions, perque intueix que hi ha una sola soluci\u00f3 per a cada obra, i que no hi ha cap m\u00e8tode, t\u00e8cnique o l\u00b4estil absoluts. La unica constant que exist\u00e9ix \u00e9s el missatge impl\u00edcit que ens vol fer arribar.<\/p>\n<p style=\"text-align: justify;\">Els seus protagonistes s\u00f3n \u00e9ssers i artilugis a\u00efllats i introvertits, incapa\u00e7os de relacionar-se.<\/p>\n<p style=\"text-align: justify;\">Els \u201cfenomenolillos\u201d s\u00f3n uns animalots amb un cos de petit insecte que defensen el seu fisic amb una gran boca oberta.<\/p>\n<p style=\"text-align: justify;\">L\u00b4home i la dona, amb la mateixa boca d\u00b4els animalots s\u00f3n representats tancats dins d\u00b4una aur\u00e8ola de color; sense roba que els permeti d\u00b4amagar els seus defectes i normalment asexuats, ja que quan\u00a0 llueixen els seus sexes fan ancara m\u00e9s palesa la seva imposibilitat de comunicar-se.<\/p>\n<p style=\"text-align: justify;\">Les m\u00e1quines-enginys-torres tenen els cossos formats per l\u00b4amuntegament de diferents volums, i les extremitats fetes de tubs, barres i varetes, acabades en agulles, claus i punxes, que els impedeixen qualsevol tipus d\u00b4aproximaci\u00f3. Les palanques i les h\u00e8lices en equilibri ens trasmeten moviment i angoixa.<\/p>\n<p style=\"text-align: justify;\">Una l\u00ednia gruixuda i rotunda defineix les formes quebrades i esquerpes i unes combinacions crom\u00e0tiques inusuals configuren un espai po\u00e8tic molt suggestiu.<\/p>\n<p style=\"text-align: justify;\">L\u00b4home i la m\u00e0quina no poden escapar de l\u00b4agressivitat que porten ells mateixos ni de l\u00b4atmosfera crispada. Nom\u00e9s els animalots, els \u201cfenomenolilos\u201d, la podran superar.. Escalen muntanyes, s\u00b4enfilen al capdamunt de les torres, dalt les escales i sobre les m\u00e0quines-enginys, des d\u00b4on es preparen a fugir, llen\u00e7ant-se a volar.<\/p>\n<p style=\"text-align: right;\">\u00a0\u00a0\u00a0\u00a0\u00a0\u00a0\u00a0\u00a0\u00a0\u00a0\u00a0\u00a0\u00a0\u00a0\u00a0\u00a0\u00a0\u00a0\u00a0\u00a0\u00a0\u00a0\u00a0\u00a0\u00a0\u00a0\u00a0\u00a0\u00a0\u00a0\u00a0\u00a0\u00a0\u00a0\u00a0\u00a0\u00a0\u00a0\u00a0\u00a0\u00a0\u00a0\u00a0\u00a0\u00a0\u00a0\u00a0\u00a0\u00a0\u00a0\u00a0\u00a0\u00a0\u00a0\u00a0 \u00a0\u00a0\u00a0\u00a0\u00a0\u00a0\u00a0\u00a0\u00a0\u00a0\u00a0\u00a0\u00a0\u00a0\u00a0\u00a0\u00a0\u00a0\u00a0\u00a0\u00a0\u00a0\u00a0\u00a0Arenys de Mar, gener de 1994<\/p>\n<p style=\"text-align: right;\">\u00a0\u00a0\u00a0\u00a0\u00a0\u00a0\u00a0\u00a0\u00a0\u00a0\u00a0\u00a0\u00a0\u00a0\u00a0\u00a0\u00a0\u00a0\u00a0\u00a0\u00a0\u00a0\u00a0\u00a0\u00a0\u00a0\u00a0\u00a0\u00a0\u00a0\u00a0\u00a0\u00a0\u00a0\u00a0\u00a0\u00a0\u00a0\u00a0\u00a0\u00a0\u00a0\u00a0\u00a0\u00a0\u00a0\u00a0\u00a0\u00a0\u00a0\u00a0\u00a0\u00a0\u00a0\u00a0\u00a0\u00a0\u00a0\u00a0\u00a0\u00a0\u00a0\u00a0\u00a0\u00a0\u00a0\u00a0\u00a0\u00a0\u00a0\u00a0\u00a0\u00a0\u00a0\u00a0\u00a0\u00a0 Teresa Maci\u00e0 i Bigorra.<\/p>\n","protected":false},"excerpt":{"rendered":"<p>Joan Canals. Obra Pict\u00f3rica Objectes rebutjats, llen\u00e7ats i arraconats, s\u00f3n el motiu d\u00b4inspiraci\u00f3, la mat\u00e8ria primera i els protagonistes de l\u00b4obra d\u00b4en Joan Canals. La barnilla trencada d\u00b4una ombrel.la, fragments d\u00b4un mosaic hidr\u00e0ulic,un moble vell,\u00a0 teles i cartolina de recuperaci\u00f3, retalls, pots encetats de pintura&#8230;. L\u00b4artista allibera les desferres que troba de la seva condici\u00f3 [&hellip;]<\/p>\n","protected":false},"author":1,"featured_media":0,"comment_status":"closed","ping_status":"closed","sticky":false,"template":"","format":"standard","meta":{"seo_booster_metabox":""},"categories":[182],"tags":[],"aioseo_notices":[],"_links":{"self":[{"href":"https:\/\/www.red03.com\/2016\/wp-json\/wp\/v2\/posts\/4326"}],"collection":[{"href":"https:\/\/www.red03.com\/2016\/wp-json\/wp\/v2\/posts"}],"about":[{"href":"https:\/\/www.red03.com\/2016\/wp-json\/wp\/v2\/types\/post"}],"author":[{"embeddable":true,"href":"https:\/\/www.red03.com\/2016\/wp-json\/wp\/v2\/users\/1"}],"replies":[{"embeddable":true,"href":"https:\/\/www.red03.com\/2016\/wp-json\/wp\/v2\/comments?post=4326"}],"version-history":[{"count":2,"href":"https:\/\/www.red03.com\/2016\/wp-json\/wp\/v2\/posts\/4326\/revisions"}],"predecessor-version":[{"id":4328,"href":"https:\/\/www.red03.com\/2016\/wp-json\/wp\/v2\/posts\/4326\/revisions\/4328"}],"wp:attachment":[{"href":"https:\/\/www.red03.com\/2016\/wp-json\/wp\/v2\/media?parent=4326"}],"wp:term":[{"taxonomy":"category","embeddable":true,"href":"https:\/\/www.red03.com\/2016\/wp-json\/wp\/v2\/categories?post=4326"},{"taxonomy":"post_tag","embeddable":true,"href":"https:\/\/www.red03.com\/2016\/wp-json\/wp\/v2\/tags?post=4326"}],"curies":[{"name":"wp","href":"https:\/\/api.w.org\/{rel}","templated":true}]}}