{"id":4331,"date":"2020-07-14T16:40:55","date_gmt":"2020-07-14T16:40:55","guid":{"rendered":"https:\/\/www.red03.com\/2016\/?p=4331"},"modified":"2020-07-14T16:40:55","modified_gmt":"2020-07-14T16:40:55","slug":"juan-canals-su-dialogo-introspectivo-con-el-arte-por-angel-alonso","status":"publish","type":"post","link":"https:\/\/www.red03.com\/2016\/juan-canals-su-dialogo-introspectivo-con-el-arte-por-angel-alonso\/","title":{"rendered":"Juan Canals, su di\u00e1logo introspectivo con el arte. Por \u00c1ngel Alonso"},"content":{"rendered":"<p><strong>Juan Canals, su di\u00e1logo introspectivo con el arte.<\/strong><\/p>\n<p style=\"text-align: justify;\">En el universo pict\u00f3rico de Juan Canals la abstracci\u00f3n y la figuraci\u00f3n se dan la mano. El\u00edpticas y sugerentes pinceladas se extienden sobre planos recortados con marcados y expresivos tijeretazos, sus pinturas suelen tener relieve, incluyen el<em> collage<\/em>, las t\u00e9cnicas mixtas, los empastes\u2026 Sus composiciones son arriesgadas, en algunas de ellas un elemento diagonal puede romper intencionalmente la estabilidad de diversos bloques rectangulares y las acciones suelen desplegarse en un primer plano que resulta t\u00e1ctil, cercano al espectador.<\/p>\n<p style=\"text-align: justify;\">Aqu\u00ed la obra obedece a una necesidad interna y se desarrolla en espacios \u00edntimos, Canals es uno de esos artistas en extinci\u00f3n que crea pacientemente, d\u00eda a d\u00eda, priorizando el goce de pintar por encima de cualquier otra motivaci\u00f3n.<\/p>\n<p style=\"text-align: justify;\">La capacidad metaf\u00f3rica de sus im\u00e1genes se basa en oponerse al c\u00e1lculo, crea los significantes sin definir los significados, conf\u00eda en la intuici\u00f3n y en la espontaneidad, los resultados visuales que aqu\u00ed se logran implican al mundo de la infancia, sus personajes est\u00e1n forjados con la emoci\u00f3n que siente un ni\u00f1o cuando juega, despreocupado, sumergido en su universo y entregado al momento presente. Algo de esa pureza de <em>l\u2019enfant terrible <\/em>se conserva intacto en la obra de este creador.<\/p>\n<p><strong>\u00c1ngel Alonso<br \/>\n<\/strong>(Calaf, noviembre \/ 2019).<\/p>\n","protected":false},"excerpt":{"rendered":"<p>Juan Canals, su di\u00e1logo introspectivo con el arte. En el universo pict\u00f3rico de Juan Canals la abstracci\u00f3n y la figuraci\u00f3n se dan la mano. El\u00edpticas y sugerentes pinceladas se extienden sobre planos recortados con marcados y expresivos tijeretazos, sus pinturas suelen tener relieve, incluyen el collage, las t\u00e9cnicas mixtas, los empastes\u2026 Sus composiciones son arriesgadas, [&hellip;]<\/p>\n","protected":false},"author":1,"featured_media":0,"comment_status":"closed","ping_status":"closed","sticky":false,"template":"","format":"standard","meta":{"seo_booster_metabox":""},"categories":[182],"tags":[],"aioseo_notices":[],"_links":{"self":[{"href":"https:\/\/www.red03.com\/2016\/wp-json\/wp\/v2\/posts\/4331"}],"collection":[{"href":"https:\/\/www.red03.com\/2016\/wp-json\/wp\/v2\/posts"}],"about":[{"href":"https:\/\/www.red03.com\/2016\/wp-json\/wp\/v2\/types\/post"}],"author":[{"embeddable":true,"href":"https:\/\/www.red03.com\/2016\/wp-json\/wp\/v2\/users\/1"}],"replies":[{"embeddable":true,"href":"https:\/\/www.red03.com\/2016\/wp-json\/wp\/v2\/comments?post=4331"}],"version-history":[{"count":1,"href":"https:\/\/www.red03.com\/2016\/wp-json\/wp\/v2\/posts\/4331\/revisions"}],"predecessor-version":[{"id":4332,"href":"https:\/\/www.red03.com\/2016\/wp-json\/wp\/v2\/posts\/4331\/revisions\/4332"}],"wp:attachment":[{"href":"https:\/\/www.red03.com\/2016\/wp-json\/wp\/v2\/media?parent=4331"}],"wp:term":[{"taxonomy":"category","embeddable":true,"href":"https:\/\/www.red03.com\/2016\/wp-json\/wp\/v2\/categories?post=4331"},{"taxonomy":"post_tag","embeddable":true,"href":"https:\/\/www.red03.com\/2016\/wp-json\/wp\/v2\/tags?post=4331"}],"curies":[{"name":"wp","href":"https:\/\/api.w.org\/{rel}","templated":true}]}}