{"id":4683,"date":"2020-09-08T11:37:42","date_gmt":"2020-09-08T11:37:42","guid":{"rendered":"https:\/\/www.red03.com\/2016\/?p=4683"},"modified":"2020-10-05T11:50:20","modified_gmt":"2020-10-05T11:50:20","slug":"nuria-duran-cuerpo-paisaje","status":"publish","type":"post","link":"https:\/\/www.red03.com\/2016\/nuria-duran-cuerpo-paisaje\/","title":{"rendered":"N\u00faria Duran: Cuerpo-paisaje"},"content":{"rendered":"<p><img loading=\"lazy\" class=\"aligncenter wp-image-4208 size-full\" src=\"https:\/\/www.red03.com\/2016\/wp-content\/uploads\/2020\/07\/NuriaDuran.jpg\" alt=\"\" width=\"1200\" height=\"700\" srcset=\"https:\/\/www.red03.com\/2016\/wp-content\/uploads\/2020\/07\/NuriaDuran.jpg 1200w, https:\/\/www.red03.com\/2016\/wp-content\/uploads\/2020\/07\/NuriaDuran-262x153.jpg 262w, https:\/\/www.red03.com\/2016\/wp-content\/uploads\/2020\/07\/NuriaDuran-555x324.jpg 555w, https:\/\/www.red03.com\/2016\/wp-content\/uploads\/2020\/07\/NuriaDuran-300x175.jpg 300w, https:\/\/www.red03.com\/2016\/wp-content\/uploads\/2020\/07\/NuriaDuran-1024x597.jpg 1024w, https:\/\/www.red03.com\/2016\/wp-content\/uploads\/2020\/07\/NuriaDuran-768x448.jpg 768w\" sizes=\"(max-width: 1200px) 100vw, 1200px\" \/><\/p>\n<p style=\"text-align: justify;\">N\u00faria Duran con la obra \u201cCuerpo-Paisaje \u201c nos invita a reflexionar sobre los paisajes y sus espacios en la contemporaneidad. N\u00faria nos habla del paisaje y sus estratos, estratos que hablan del viaje interior al descubrimiento del propio ser, a trav\u00e9s de capas de tejido y color va construyendo cuerpos-paisajes que hablan de la relaci\u00f3n entre el interno y el externo, de la importancia de viajar a lo interno para armonizar lo externo.<\/p>\n<p style=\"text-align: justify;\">Despu\u00e9s de su experiencia en Senegal el horizonte desaparece y la vertical toma el relevo. La vertical es el individuo, son los cuerpos sutiles, f\u00edsicos y emocionales los que dar\u00e1n forma a su nueva etapa.<\/p>\n<p style=\"text-align: justify;\">N\u00faria Duran<strong>,<\/strong>\u00a0artista \u00a0catalana (1971), Licenciada en Bellas Artes por la Universidad de Barcelona. Ha desarrollado una trayectoria expositiva principalmente en Galer\u00edas y Centros de Arte de Espa\u00f1a, Portugal, Alemania, Suiza y Estados Unidos, paralelamente a su trabajo art\u00edstico durante 10 a\u00f1os ha desarrollado talleres experimentales de proceso creativo a trav\u00e9s del grabado, gestionados de forma aut\u00f3noma.<br \/>\nSiendo su primera escuela el dise\u00f1o textil y la pintura, posteriormente integr\u00f3 el collage y el grabado explorando diversas experiencias formales en su obra.<br \/>\nHa trabajado durante a\u00f1os con el paisaje como fuente de investigaci\u00f3n, buscando evidenciar las estructuras detr\u00e1s de la naturaleza.<br \/>\nEn los \u00faltimos a\u00f1os ha explorado ya no desde lo exterior, sino desde el interior del cuerpo humano, simbolizando este micro universo en todas sus formas de representaci\u00f3n. N\u00faria Duran propone obras, instalaciones y esculturas donde los puntos de conexi\u00f3n ya no son fijos, el cuerpo-obra puede siempre seguir transform\u00e1ndose en cuerpos m\u00f3viles y comunicantes.<\/p>\n<p>&nbsp;<\/p>\n<p><a href=\"https:\/\/red03.us12.list-manage.com\/track\/click?u=2f1d38a9f888766e608fde528&amp;id=954e633512&amp;e=61eea3832a\" target=\"_blank\" rel=\"noopener noreferrer\" data-saferedirecturl=\"https:\/\/www.google.com\/url?q=https:\/\/red03.us12.list-manage.com\/track\/click?u%3D2f1d38a9f888766e608fde528%26id%3D954e633512%26e%3D61eea3832a&amp;source=gmail&amp;ust=1599648300827000&amp;usg=AFQjCNHqQ_HSdBvOS_YiCJrVyIabFm8ZUg\">Nuria Duran Bio en pdf<\/a><br \/>\n<a href=\"https:\/\/red03.us12.list-manage.com\/track\/click?u=2f1d38a9f888766e608fde528&amp;id=22ed765181&amp;e=61eea3832a\" target=\"_blank\" rel=\"noopener noreferrer\" data-saferedirecturl=\"https:\/\/www.google.com\/url?q=https:\/\/red03.us12.list-manage.com\/track\/click?u%3D2f1d38a9f888766e608fde528%26id%3D22ed765181%26e%3D61eea3832a&amp;source=gmail&amp;ust=1599648300827000&amp;usg=AFQjCNHAIhJfDi9zLfJ1n6S0BB4U1jks_A\">Viewing rooms<\/a><br \/>\n<a href=\"https:\/\/red03.us12.list-manage.com\/track\/click?u=2f1d38a9f888766e608fde528&amp;id=b3f7028c48&amp;e=61eea3832a\" target=\"_blank\" rel=\"noopener noreferrer\" data-saferedirecturl=\"https:\/\/www.google.com\/url?q=https:\/\/red03.us12.list-manage.com\/track\/click?u%3D2f1d38a9f888766e608fde528%26id%3Db3f7028c48%26e%3D61eea3832a&amp;source=gmail&amp;ust=1599648300827000&amp;usg=AFQjCNFeSWUSfmqdNVdAv_aqdxumFHXIpQ\">Obra disponible<\/a><\/p>\n","protected":false},"excerpt":{"rendered":"<p>N\u00faria Duran con la obra \u201cCuerpo-Paisaje \u201c nos invita a reflexionar sobre los paisajes y sus espacios en la contemporaneidad. N\u00faria nos habla del paisaje y sus estratos, estratos que hablan del viaje interior al descubrimiento del propio ser, a trav\u00e9s de capas de tejido y color va construyendo cuerpos-paisajes que hablan de la relaci\u00f3n [&hellip;]<\/p>\n","protected":false},"author":1,"featured_media":4208,"comment_status":"closed","ping_status":"closed","sticky":false,"template":"","format":"standard","meta":{"seo_booster_metabox":""},"categories":[121,173],"tags":[],"aioseo_notices":[],"_links":{"self":[{"href":"https:\/\/www.red03.com\/2016\/wp-json\/wp\/v2\/posts\/4683"}],"collection":[{"href":"https:\/\/www.red03.com\/2016\/wp-json\/wp\/v2\/posts"}],"about":[{"href":"https:\/\/www.red03.com\/2016\/wp-json\/wp\/v2\/types\/post"}],"author":[{"embeddable":true,"href":"https:\/\/www.red03.com\/2016\/wp-json\/wp\/v2\/users\/1"}],"replies":[{"embeddable":true,"href":"https:\/\/www.red03.com\/2016\/wp-json\/wp\/v2\/comments?post=4683"}],"version-history":[{"count":1,"href":"https:\/\/www.red03.com\/2016\/wp-json\/wp\/v2\/posts\/4683\/revisions"}],"predecessor-version":[{"id":4684,"href":"https:\/\/www.red03.com\/2016\/wp-json\/wp\/v2\/posts\/4683\/revisions\/4684"}],"wp:featuredmedia":[{"embeddable":true,"href":"https:\/\/www.red03.com\/2016\/wp-json\/wp\/v2\/media\/4208"}],"wp:attachment":[{"href":"https:\/\/www.red03.com\/2016\/wp-json\/wp\/v2\/media?parent=4683"}],"wp:term":[{"taxonomy":"category","embeddable":true,"href":"https:\/\/www.red03.com\/2016\/wp-json\/wp\/v2\/categories?post=4683"},{"taxonomy":"post_tag","embeddable":true,"href":"https:\/\/www.red03.com\/2016\/wp-json\/wp\/v2\/tags?post=4683"}],"curies":[{"name":"wp","href":"https:\/\/api.w.org\/{rel}","templated":true}]}}