{"id":5118,"date":"2021-08-21T18:22:55","date_gmt":"2021-08-21T18:22:55","guid":{"rendered":"https:\/\/www.red03.com\/2016\/?p=5118"},"modified":"2021-09-08T09:49:44","modified_gmt":"2021-09-08T09:49:44","slug":"michael-wagener-revelat-2021-festival-de-fotografia-analogica","status":"publish","type":"post","link":"https:\/\/www.red03.com\/2016\/michael-wagener-revelat-2021-festival-de-fotografia-analogica\/","title":{"rendered":"Michael Wagener: revela&#8217;t 2021. Festival de Fotografia Anal\u00f3gica"},"content":{"rendered":"<blockquote>\n<h3>Combined Memories &#8211; my analog past<\/h3>\n<p>\u00abHice una peque\u00f1a selecci\u00f3n, especial para este festival: Recuerdos combinados: mi pasado anal\u00f3gico.<br \/>\nDurante la situaci\u00f3n de pandemia a nivel mundial, viajar fue complicado y tambi\u00e9n se dijo, mejor quedarse en casa. As\u00ed que utilic\u00e9 la situaci\u00f3n inesperada para viajar a trav\u00e9s de mi archivo de viejas im\u00e1genes anal\u00f3gicas. Con una lente macro, recuper\u00e9 viejos negativos anal\u00f3gicos en blanco y negro, pero tambi\u00e9n combin\u00e9 material positivo y negativo en un montaje cl\u00e1sico tipo s\u00e1ndwich. Nacieron nuevas combinaciones de mis recuerdos con una especie de expresi\u00f3n metaf\u00f3rica.\u00bb<\/p><\/blockquote>\n<p><img loading=\"lazy\" class=\"aligncenter wp-image-5121 size-full\" src=\"https:\/\/www.red03.com\/2016\/wp-content\/uploads\/2021\/08\/Combine_Birds_web.jpg\" alt=\"\" width=\"1100\" height=\"742\" srcset=\"https:\/\/www.red03.com\/2016\/wp-content\/uploads\/2021\/08\/Combine_Birds_web.jpg 1100w, https:\/\/www.red03.com\/2016\/wp-content\/uploads\/2021\/08\/Combine_Birds_web-300x202.jpg 300w, https:\/\/www.red03.com\/2016\/wp-content\/uploads\/2021\/08\/Combine_Birds_web-1024x691.jpg 1024w, https:\/\/www.red03.com\/2016\/wp-content\/uploads\/2021\/08\/Combine_Birds_web-768x518.jpg 768w, https:\/\/www.red03.com\/2016\/wp-content\/uploads\/2021\/08\/Combine_Birds_web-262x177.jpg 262w, https:\/\/www.red03.com\/2016\/wp-content\/uploads\/2021\/08\/Combine_Birds_web-555x374.jpg 555w\" sizes=\"(max-width: 1100px) 100vw, 1100px\" \/><img loading=\"lazy\" class=\"aligncenter wp-image-5120\" src=\"https:\/\/www.red03.com\/2016\/wp-content\/uploads\/2021\/08\/Captura.jpg\" alt=\"\" width=\"1100\" height=\"487\" srcset=\"https:\/\/www.red03.com\/2016\/wp-content\/uploads\/2021\/08\/Captura.jpg 1894w, https:\/\/www.red03.com\/2016\/wp-content\/uploads\/2021\/08\/Captura-300x133.jpg 300w, https:\/\/www.red03.com\/2016\/wp-content\/uploads\/2021\/08\/Captura-1024x454.jpg 1024w, https:\/\/www.red03.com\/2016\/wp-content\/uploads\/2021\/08\/Captura-768x340.jpg 768w, https:\/\/www.red03.com\/2016\/wp-content\/uploads\/2021\/08\/Captura-1536x680.jpg 1536w, https:\/\/www.red03.com\/2016\/wp-content\/uploads\/2021\/08\/Captura-262x116.jpg 262w, https:\/\/www.red03.com\/2016\/wp-content\/uploads\/2021\/08\/Captura-555x246.jpg 555w\" sizes=\"(max-width: 1100px) 100vw, 1100px\" \/><\/p>\n<p>&nbsp;<\/p>\n<h4 style=\"text-align: center;\">La exposici\u00f3n podr\u00e1 visitarse con <a href=\"mailto:galeria@red03.com\" target=\"_blank\" rel=\"noopener\"><strong>cita previa<\/strong><\/a>, de martes a s\u00e1bados de 16 a 20h.<\/h4>\n<h4 style=\"text-align: center;\">El <strong>s\u00e1bado 9 de octubre<\/strong> tendremos un vermouth con el artista.<br \/>\naforo limitado, registro aqu\u00ed:<br \/>\ntel: +34 601 347 462<br \/>\nmail: galeria@red03.com<\/h4>\n<p>&nbsp;<\/p>\n<p style=\"text-align: right;\"><a href=\"https:\/\/revela-t.cat\/2021\/\" target=\"_blank\" rel=\"noopener\">Web del festival revela&#8217;t &gt;&gt;&gt;<\/a><\/p>\n<p style=\"text-align: right;\"><a href=\"https:\/\/www.red03.com\/2016\/categoria-producto\/artists\/michael-wagener\/\" target=\"_blank\" rel=\"noopener\">Obras disponibles &gt;&gt;&gt;\u00a0<\/a><\/p>\n","protected":false},"excerpt":{"rendered":"<p>Combined Memories &#8211; my analog past \u00abHice una peque\u00f1a selecci\u00f3n, especial para este festival: Recuerdos combinados: mi pasado anal\u00f3gico. Durante la situaci\u00f3n de pandemia a nivel mundial, viajar fue complicado y tambi\u00e9n se dijo, mejor quedarse en casa. As\u00ed que utilic\u00e9 la situaci\u00f3n inesperada para viajar a trav\u00e9s de mi archivo de viejas im\u00e1genes anal\u00f3gicas. [&hellip;]<\/p>\n","protected":false},"author":1,"featured_media":5121,"comment_status":"closed","ping_status":"closed","sticky":false,"template":"","format":"standard","meta":{"seo_booster_metabox":""},"categories":[221,184],"tags":[],"aioseo_notices":[],"_links":{"self":[{"href":"https:\/\/www.red03.com\/2016\/wp-json\/wp\/v2\/posts\/5118"}],"collection":[{"href":"https:\/\/www.red03.com\/2016\/wp-json\/wp\/v2\/posts"}],"about":[{"href":"https:\/\/www.red03.com\/2016\/wp-json\/wp\/v2\/types\/post"}],"author":[{"embeddable":true,"href":"https:\/\/www.red03.com\/2016\/wp-json\/wp\/v2\/users\/1"}],"replies":[{"embeddable":true,"href":"https:\/\/www.red03.com\/2016\/wp-json\/wp\/v2\/comments?post=5118"}],"version-history":[{"count":8,"href":"https:\/\/www.red03.com\/2016\/wp-json\/wp\/v2\/posts\/5118\/revisions"}],"predecessor-version":[{"id":5179,"href":"https:\/\/www.red03.com\/2016\/wp-json\/wp\/v2\/posts\/5118\/revisions\/5179"}],"wp:featuredmedia":[{"embeddable":true,"href":"https:\/\/www.red03.com\/2016\/wp-json\/wp\/v2\/media\/5121"}],"wp:attachment":[{"href":"https:\/\/www.red03.com\/2016\/wp-json\/wp\/v2\/media?parent=5118"}],"wp:term":[{"taxonomy":"category","embeddable":true,"href":"https:\/\/www.red03.com\/2016\/wp-json\/wp\/v2\/categories?post=5118"},{"taxonomy":"post_tag","embeddable":true,"href":"https:\/\/www.red03.com\/2016\/wp-json\/wp\/v2\/tags?post=5118"}],"curies":[{"name":"wp","href":"https:\/\/api.w.org\/{rel}","templated":true}]}}