{"id":610,"date":"2019-03-13T16:08:01","date_gmt":"2019-03-13T16:08:01","guid":{"rendered":"http:\/\/www.red03.com\/2016\/?p=610"},"modified":"2020-07-11T08:41:13","modified_gmt":"2020-07-11T08:41:13","slug":"aldina-olivi","status":"publish","type":"post","link":"https:\/\/www.red03.com\/2016\/aldina-olivi\/","title":{"rendered":"Aldina Olivi Bio"},"content":{"rendered":"\r\n<p style=\"text-align: left;\">Aldina Olivi (Italia) vive en Barcelona desde 2010 y trabaja la cer\u00e1mica desde hace mas de 35 a\u00f1os.<br \/>Tiene su taller en\u00a0 Barcelona donde crea y da clases de cer\u00e1mica.<br \/>En su taller se experimenta, se investiga, se busca, porque la misma cer\u00e1mica es un mundo y, quiz\u00e1s una vida no es suficiente para explorarla.<br \/>Se ha formado en Faenza, Montelupo Fiorentino, Urbino, ciudades que tienen un papel \u00fanico en lahistoria de la cer\u00e1mica antigua y moderna.<br \/>Ha asistido a muchos eventos y clases de cer\u00e1mica con David Roberts, Ruthanne Tudball, Emidio Galassi, Giovanni Cimatti, Jean Santilli, Roberto Aiudi: todos nombres muy significativos.<br \/>Ha realizado varias exposiciones, tanto personales como colectivas en Italia y en Europa.<br \/>Aldina trabaja el gres, y las altas temperaturas, la t\u00e9cnica Raku y Raku Naked, variante del Raku cl\u00e1sico, en la cual las piezas no llevan esmalte y las coloraciones salen solo del color del barro y del humo que penetra en el cuarteado que se forma en el esmalte con el cambio de temperatura.<\/p>\r\n<p>&nbsp;<\/p>\r\n\r\n\r\n\r\n\r\n\r\n\r\n\r\n\r\n\r\n\r\n\r\n\r\n\r\n\r\n\r\n<figure class=\"wp-block-image\"><img loading=\"lazy\" width=\"750\" height=\"1000\" class=\"wp-image-634\" src=\"http:\/\/www.red03.com\/2016\/wp-content\/uploads\/2019\/03\/20190314_173114-1.jpg\" alt=\"\" srcset=\"https:\/\/www.red03.com\/2016\/wp-content\/uploads\/2019\/03\/20190314_173114-1.jpg 750w, https:\/\/www.red03.com\/2016\/wp-content\/uploads\/2019\/03\/20190314_173114-1-262x349.jpg 262w, https:\/\/www.red03.com\/2016\/wp-content\/uploads\/2019\/03\/20190314_173114-1-555x740.jpg 555w, https:\/\/www.red03.com\/2016\/wp-content\/uploads\/2019\/03\/20190314_173114-1-225x300.jpg 225w\" sizes=\"(max-width: 750px) 100vw, 750px\" \/><\/figure>\r\n<p>&nbsp;<\/p>\r\n<hr \/>\r\n<p>&nbsp;<\/p>\r\n<script>(function() {\n\twindow.mc4wp = window.mc4wp || {\n\t\tlisteners: [],\n\t\tforms: {\n\t\t\ton: function(evt, cb) {\n\t\t\t\twindow.mc4wp.listeners.push(\n\t\t\t\t\t{\n\t\t\t\t\t\tevent   : evt,\n\t\t\t\t\t\tcallback: cb\n\t\t\t\t\t}\n\t\t\t\t);\n\t\t\t}\n\t\t}\n\t}\n})();\n<\/script><!-- Mailchimp for WordPress v4.10.2 - https:\/\/wordpress.org\/plugins\/mailchimp-for-wp\/ --><form id=\"mc4wp-form-1\" class=\"mc4wp-form mc4wp-form-2102\" method=\"post\" data-id=\"2102\" data-name=\"Suscripcion a mailing list  red03\" ><div class=\"mc4wp-form-fields\"><p><strong>\r\n  Suscribirse a mailing list <\/strong>\r\n<\/p>\r\n<p>\r\n    <label>Nombre<\/label>\r\n    <input type=\"text\" name=\"FNAME\">\r\n<\/p>\r\n<p>\r\n    <label>Apellido<\/label>\r\n    <input type=\"text\" name=\"LNAME\">\r\n<\/p>\r\n<p>\r\n\t<label>Direcci\u00f3n de correo electr\u00f3nico: <\/label>\r\n\t<input type=\"email\" name=\"EMAIL\" placeholder=\"Tu direcci\u00f3n de correo electr\u00f3nico\" required \/>\r\n<\/p>\r\n<p>\r\n    <label>Acci\u00f3n<\/label>\r\n    <label>\r\n        <input name=\"_mc4wp_action\" type=\"radio\" value=\"subscribe\" required=\"\"\r\n        checked=\"true\"> <span>Subscribe<\/span>\r\n    <\/label>\r\n    <label>\r\n        <input name=\"_mc4wp_action\" type=\"radio\" value=\"unsubscribe\" required=\"\"> <span>Unsubscribe<\/span>\r\n    <\/label>\r\n<\/p>\r\n<p>\r\n    <label>\r\n        <input name=\"AGREE_TO_TERMS\" type=\"checkbox\" value=\"1\" required=\"\"> <a href=\"https:\/\/www.red03.com\/2016\/condiciones\/\" target=\"_blank\">He le\u00eddo y acepto los t\u00e9rminos y condiciones<\/a>\r\n    <\/label>\r\n<\/p>\r\n<p>\r\n\t<input type=\"submit\" value=\"Registro\" \/>\r\n<\/p><\/div><label style=\"display: none !important;\">Deja vac\u00edo este campo si eres humano: <input type=\"text\" name=\"_mc4wp_honeypot\" value=\"\" tabindex=\"-1\" autocomplete=\"off\" \/><\/label><input type=\"hidden\" name=\"_mc4wp_timestamp\" value=\"1777452884\" \/><input type=\"hidden\" name=\"_mc4wp_form_id\" value=\"2102\" \/><input type=\"hidden\" name=\"_mc4wp_form_element_id\" value=\"mc4wp-form-1\" \/><div class=\"mc4wp-response\"><\/div><\/form><!-- \/ Mailchimp for WordPress Plugin -->\r\n","protected":false},"excerpt":{"rendered":"<p>Aldina Olivi (Italia) vive en Barcelona desde 2010 y trabaja la cer\u00e1mica desde hace mas de 35 a\u00f1os.Tiene su taller en\u00a0 Barcelona donde crea y da clases de cer\u00e1mica.En su taller se experimenta, se investiga, se busca, porque la misma cer\u00e1mica es un mundo y, quiz\u00e1s una vida no es suficiente para explorarla.Se ha formado [&hellip;]<\/p>\n","protected":false},"author":1,"featured_media":639,"comment_status":"closed","ping_status":"closed","sticky":false,"template":"","format":"standard","meta":{"seo_booster_metabox":""},"categories":[177],"tags":[],"aioseo_notices":[],"_links":{"self":[{"href":"https:\/\/www.red03.com\/2016\/wp-json\/wp\/v2\/posts\/610"}],"collection":[{"href":"https:\/\/www.red03.com\/2016\/wp-json\/wp\/v2\/posts"}],"about":[{"href":"https:\/\/www.red03.com\/2016\/wp-json\/wp\/v2\/types\/post"}],"author":[{"embeddable":true,"href":"https:\/\/www.red03.com\/2016\/wp-json\/wp\/v2\/users\/1"}],"replies":[{"embeddable":true,"href":"https:\/\/www.red03.com\/2016\/wp-json\/wp\/v2\/comments?post=610"}],"version-history":[{"count":10,"href":"https:\/\/www.red03.com\/2016\/wp-json\/wp\/v2\/posts\/610\/revisions"}],"predecessor-version":[{"id":4302,"href":"https:\/\/www.red03.com\/2016\/wp-json\/wp\/v2\/posts\/610\/revisions\/4302"}],"wp:featuredmedia":[{"embeddable":true,"href":"https:\/\/www.red03.com\/2016\/wp-json\/wp\/v2\/media\/639"}],"wp:attachment":[{"href":"https:\/\/www.red03.com\/2016\/wp-json\/wp\/v2\/media?parent=610"}],"wp:term":[{"taxonomy":"category","embeddable":true,"href":"https:\/\/www.red03.com\/2016\/wp-json\/wp\/v2\/categories?post=610"},{"taxonomy":"post_tag","embeddable":true,"href":"https:\/\/www.red03.com\/2016\/wp-json\/wp\/v2\/tags?post=610"}],"curies":[{"name":"wp","href":"https:\/\/api.w.org\/{rel}","templated":true}]}}